{"id":3180,"date":"2019-12-04T13:40:59","date_gmt":"2019-12-04T12:40:59","guid":{"rendered":"http:\/\/agora.xtec.cat\/ceip-salvador-espriu-roda\/?p=3180"},"modified":"2020-01-10T10:36:14","modified_gmt":"2020-01-10T09:36:14","slug":"hem-anat-al-teatre","status":"publish","type":"post","link":"https:\/\/agora.xtec.cat\/ceip-salvador-espriu-roda\/general\/hem-anat-al-teatre\/","title":{"rendered":"Hem anat al teatre!!"},"content":{"rendered":"<p>El passat dijous 28 de setembre els nens i nenes d&#8217;educaci\u00f3 infantil vam anar al teatre Metropol de Tarragona.<!--more--><\/p>\n<p>L&#8217;obra de titelles que vam anar a veure es deia &#8220;L&#8217;aventura d&#8217;avorrir-se&#8221; i la veritat \u00e9s que no ens vam avorrir gens veient-la! La Rita, la protagonista de l&#8217;hist\u00f2ria, \u00e9s una nena que sempre s&#8217;avorria. Sempre anava atabalada a fer un munt d&#8217;activitats i quan tenia temps per jugar, s&#8217;avorria de seguida. Una tarda, quan va anar a casa de la seva \u00e0via, aquesta li va ensenyar que avorrir-se podia ser mooooooolt divertit ja que \u00e9s el millor moment per fer volar la nostra imaginaci\u00f3 i crear hist\u00f2ries xul\u00edssimes.<\/p>\n<p>Quan va acabar l&#8217;obra, vam esmorzar al balc\u00f3 del Mediterrani i despr\u00e9s vam tornar cap a l&#8217;escola.<\/p>\n<p>Mireu que b\u00e9 ens ho vam passar!<\/p>\n<p><a href=\"https:\/\/photos.app.goo.gl\/RJchc1qKwCTfDsc7A\"><img loading=\"lazy\" decoding=\"async\" class=\"aligncenter wp-image-3182 \" src=\"https:\/\/agora.xtec.cat\/ceip-salvador-espriu-roda\/wp-content\/uploads\/usu1367\/2019\/12\/IMG_4088-e1575463233982-1024x476.jpg\" alt=\"\" width=\"475\" height=\"221\" srcset=\"https:\/\/agora.xtec.cat\/ceip-salvador-espriu-roda\/wp-content\/uploads\/usu1367\/2019\/12\/IMG_4088-e1575463233982-1024x476.jpg 1024w, https:\/\/agora.xtec.cat\/ceip-salvador-espriu-roda\/wp-content\/uploads\/usu1367\/2019\/12\/IMG_4088-e1575463233982-300x139.jpg 300w, https:\/\/agora.xtec.cat\/ceip-salvador-espriu-roda\/wp-content\/uploads\/usu1367\/2019\/12\/IMG_4088-e1575463233982-768x357.jpg 768w\" sizes=\"auto, (max-width: 475px) 100vw, 475px\" \/><\/a><\/p>\n","protected":false},"excerpt":{"rendered":"<p>El passat dijous 28 de setembre els nens i nenes d&#8217;educaci\u00f3 infantil vam anar al teatre Metropol de Tarragona.<\/p>\n","protected":false},"author":1,"featured_media":3182,"comment_status":"open","ping_status":"closed","sticky":false,"template":"","format":"standard","meta":{"_bbp_topic_count":0,"_bbp_reply_count":0,"_bbp_total_topic_count":0,"_bbp_total_reply_count":0,"_bbp_voice_count":0,"_bbp_anonymous_reply_count":0,"_bbp_topic_count_hidden":0,"_bbp_reply_count_hidden":0,"_bbp_forum_subforum_count":0,"footnotes":""},"categories":[116,1,4,115],"tags":[],"class_list":["post-3180","post","type-post","status-publish","format-standard","has-post-thumbnail","hentry","category-comunitat-de-petits","category-general","category-portada","category-sortides"],"post_mailing_queue_ids":[],"_links":{"self":[{"href":"https:\/\/agora.xtec.cat\/ceip-salvador-espriu-roda\/wp-json\/wp\/v2\/posts\/3180","targetHints":{"allow":["GET"]}}],"collection":[{"href":"https:\/\/agora.xtec.cat\/ceip-salvador-espriu-roda\/wp-json\/wp\/v2\/posts"}],"about":[{"href":"https:\/\/agora.xtec.cat\/ceip-salvador-espriu-roda\/wp-json\/wp\/v2\/types\/post"}],"author":[{"embeddable":true,"href":"https:\/\/agora.xtec.cat\/ceip-salvador-espriu-roda\/wp-json\/wp\/v2\/users\/1"}],"replies":[{"embeddable":true,"href":"https:\/\/agora.xtec.cat\/ceip-salvador-espriu-roda\/wp-json\/wp\/v2\/comments?post=3180"}],"version-history":[{"count":3,"href":"https:\/\/agora.xtec.cat\/ceip-salvador-espriu-roda\/wp-json\/wp\/v2\/posts\/3180\/revisions"}],"predecessor-version":[{"id":3215,"href":"https:\/\/agora.xtec.cat\/ceip-salvador-espriu-roda\/wp-json\/wp\/v2\/posts\/3180\/revisions\/3215"}],"wp:featuredmedia":[{"embeddable":true,"href":"https:\/\/agora.xtec.cat\/ceip-salvador-espriu-roda\/wp-json\/wp\/v2\/media\/3182"}],"wp:attachment":[{"href":"https:\/\/agora.xtec.cat\/ceip-salvador-espriu-roda\/wp-json\/wp\/v2\/media?parent=3180"}],"wp:term":[{"taxonomy":"category","embeddable":true,"href":"https:\/\/agora.xtec.cat\/ceip-salvador-espriu-roda\/wp-json\/wp\/v2\/categories?post=3180"},{"taxonomy":"post_tag","embeddable":true,"href":"https:\/\/agora.xtec.cat\/ceip-salvador-espriu-roda\/wp-json\/wp\/v2\/tags?post=3180"}],"curies":[{"name":"wp","href":"https:\/\/api.w.org\/{rel}","templated":true}]}}