{"id":3170,"date":"2019-12-03T13:01:48","date_gmt":"2019-12-03T12:01:48","guid":{"rendered":"http:\/\/agora.xtec.cat\/ceip-salvador-espriu-roda\/?p=3170"},"modified":"2020-01-10T10:30:21","modified_gmt":"2020-01-10T09:30:21","slug":"experimentant-amb-pinyes","status":"publish","type":"post","link":"https:\/\/agora.xtec.cat\/ceip-salvador-espriu-roda\/general\/experimentant-amb-pinyes\/","title":{"rendered":"EXPERIMENTANT AMB PINYES"},"content":{"rendered":"<p>Quan volem fer un experiment el primer que fem \u00e9s preparar el material necessari.<!--more--><\/p>\n<p>Per realitzar aquest necessit\u00e0vem:<\/p>\n<ul>\n<li>cossis<\/li>\n<li>pinyes<\/li>\n<li>aigua<\/li>\n<li>i paci\u00e8ncia.<\/li>\n<\/ul>\n<p>Gr\u00e0cies fam\u00edlies per la vostra col\u00b7laboraci\u00f3, amb la nota que us vam lliurar van arribar un munt de garrafes i pinyes que ens van anar molt b\u00e9.<\/p>\n<p>Vam treballar per equips de 2 o de 3 nens o nenes i la primera tasca que vam fer va ser escollir amb qui treballaria cadasc\u00fa. Despr\u00e9s vam agafar pinyes de les que estaven obertes. I, per \u00faltim, cada equip va omplir els cossis d\u2019aigua.<\/p>\n<p>Amb tot el material preparat vam iniciar la conversa amb la pregunta\u00a0<em>Qu\u00e8 penseu que passar\u00e0 si posem aquestes pinyes amb aigua?<\/em><\/p>\n<p>Vam formular les nostres hip\u00f2tesis:<em>\u00a0l\u2019aigua canviar\u00e0 de color, les pinyes es faran grans, suraran, es mullaran, es netejaran\u2026.<\/em><\/p>\n<p>I despr\u00e9s ho vam comprovar: les pinyes suraven, es mullaven, l\u2019aigua no va canviar de color i amb el que no compt\u00e0vem era que al cap d\u2019una estona AL MULLAR-SE, LES PINYES OBERTES ES VAN TANCAR!<\/p>\n<p>Qu\u00e8 passar\u00e0 si les pinyes les traiem fora de l\u2019aigua? Les hem deixat en un raconet de l\u2019aula de ci\u00e8ncies i ara haurem d\u2019esperar uns dies a que s\u2019assequin. Nosaltres pensem que les pinyes tornaran a obrir-se, per\u00f2 haurem de tenir paci\u00e8ncia i anar-les observant.<\/p>\n<p><a href=\"https:\/\/photos.app.goo.gl\/ZSWBXse9c39osQiy9\"><img loading=\"lazy\" decoding=\"async\" class=\"wp-image-3171 aligncenter\" src=\"https:\/\/agora.xtec.cat\/ceip-salvador-espriu-roda\/wp-content\/uploads\/usu1367\/2019\/12\/IMG_15-1024x641.jpg\" alt=\"\" width=\"603\" height=\"378\" srcset=\"https:\/\/agora.xtec.cat\/ceip-salvador-espriu-roda\/wp-content\/uploads\/usu1367\/2019\/12\/IMG_15-1024x641.jpg 1024w, https:\/\/agora.xtec.cat\/ceip-salvador-espriu-roda\/wp-content\/uploads\/usu1367\/2019\/12\/IMG_15-300x188.jpg 300w, https:\/\/agora.xtec.cat\/ceip-salvador-espriu-roda\/wp-content\/uploads\/usu1367\/2019\/12\/IMG_15-768x481.jpg 768w\" sizes=\"auto, (max-width: 603px) 100vw, 603px\" \/><\/a><\/p>\n","protected":false},"excerpt":{"rendered":"<p>Quan volem fer un experiment el primer que fem \u00e9s preparar el material necessari.<\/p>\n","protected":false},"author":1,"featured_media":3171,"comment_status":"open","ping_status":"closed","sticky":false,"template":"","format":"standard","meta":{"_bbp_topic_count":0,"_bbp_reply_count":0,"_bbp_total_topic_count":0,"_bbp_total_reply_count":0,"_bbp_voice_count":0,"_bbp_anonymous_reply_count":0,"_bbp_topic_count_hidden":0,"_bbp_reply_count_hidden":0,"_bbp_forum_subforum_count":0,"footnotes":""},"categories":[65,1,103,107,104,4,77],"tags":[],"class_list":["post-3170","post","type-post","status-publish","format-standard","has-post-thumbnail","hentry","category-descoberta-3-6","category-general","category-hem-fet-a-escola","category-i5","category-infantil","category-portada","category-projectes"],"post_mailing_queue_ids":[],"_links":{"self":[{"href":"https:\/\/agora.xtec.cat\/ceip-salvador-espriu-roda\/wp-json\/wp\/v2\/posts\/3170","targetHints":{"allow":["GET"]}}],"collection":[{"href":"https:\/\/agora.xtec.cat\/ceip-salvador-espriu-roda\/wp-json\/wp\/v2\/posts"}],"about":[{"href":"https:\/\/agora.xtec.cat\/ceip-salvador-espriu-roda\/wp-json\/wp\/v2\/types\/post"}],"author":[{"embeddable":true,"href":"https:\/\/agora.xtec.cat\/ceip-salvador-espriu-roda\/wp-json\/wp\/v2\/users\/1"}],"replies":[{"embeddable":true,"href":"https:\/\/agora.xtec.cat\/ceip-salvador-espriu-roda\/wp-json\/wp\/v2\/comments?post=3170"}],"version-history":[{"count":3,"href":"https:\/\/agora.xtec.cat\/ceip-salvador-espriu-roda\/wp-json\/wp\/v2\/posts\/3170\/revisions"}],"predecessor-version":[{"id":3209,"href":"https:\/\/agora.xtec.cat\/ceip-salvador-espriu-roda\/wp-json\/wp\/v2\/posts\/3170\/revisions\/3209"}],"wp:featuredmedia":[{"embeddable":true,"href":"https:\/\/agora.xtec.cat\/ceip-salvador-espriu-roda\/wp-json\/wp\/v2\/media\/3171"}],"wp:attachment":[{"href":"https:\/\/agora.xtec.cat\/ceip-salvador-espriu-roda\/wp-json\/wp\/v2\/media?parent=3170"}],"wp:term":[{"taxonomy":"category","embeddable":true,"href":"https:\/\/agora.xtec.cat\/ceip-salvador-espriu-roda\/wp-json\/wp\/v2\/categories?post=3170"},{"taxonomy":"post_tag","embeddable":true,"href":"https:\/\/agora.xtec.cat\/ceip-salvador-espriu-roda\/wp-json\/wp\/v2\/tags?post=3170"}],"curies":[{"name":"wp","href":"https:\/\/api.w.org\/{rel}","templated":true}]}}