{"id":3141,"date":"2019-11-21T10:44:34","date_gmt":"2019-11-21T09:44:34","guid":{"rendered":"http:\/\/agora.xtec.cat\/ceip-salvador-espriu-roda\/?p=3141"},"modified":"2020-01-10T10:36:55","modified_gmt":"2020-01-10T09:36:55","slug":"descobrim-el-judo","status":"publish","type":"post","link":"https:\/\/agora.xtec.cat\/ceip-salvador-espriu-roda\/general\/descobrim-el-judo\/","title":{"rendered":"Descobrim el Judo!"},"content":{"rendered":"<p>Aquests dies els nens i nenes de P4, P5, 1r i 2n, hem pogut fer un tastet del JUDO.<!--more--><\/p>\n<p>Han vingut la Gisela i la Wendy i ens han fet fer uns jocs molt divertits, com Els cocodrils, El ping\u00fc\u00ed i el cranc, El gosset rabi\u00f3s i El tronquet.<\/p>\n<p>Hem acabat molt cansats, per\u00f2 contents i amb dues paraules noves al nostre vocabulari, HAJIME (comen\u00e7ar) i MATE (parar), s\u00f3n paraules del Jap\u00f3.<\/p>\n<p>Mireu com hem gaudit!<\/p>\n<p><a href=\"https:\/\/photos.app.goo.gl\/CEmFF6VCZMxSfxWw8\"><img loading=\"lazy\" decoding=\"async\" class=\"size-medium wp-image-3142 aligncenter\" src=\"https:\/\/agora.xtec.cat\/ceip-salvador-espriu-roda\/wp-content\/uploads\/usu1367\/2019\/11\/20191106_091854-300x169.jpg\" alt=\"\" width=\"300\" height=\"169\" srcset=\"https:\/\/agora.xtec.cat\/ceip-salvador-espriu-roda\/wp-content\/uploads\/usu1367\/2019\/11\/20191106_091854-300x169.jpg 300w, https:\/\/agora.xtec.cat\/ceip-salvador-espriu-roda\/wp-content\/uploads\/usu1367\/2019\/11\/20191106_091854.jpg 448w\" sizes=\"auto, (max-width: 300px) 100vw, 300px\" \/><\/a><\/p>\n","protected":false},"excerpt":{"rendered":"<p>Aquests dies els nens i nenes de P4, P5, 1r i 2n, hem pogut fer un tastet del JUDO.<\/p>\n","protected":false},"author":1,"featured_media":3142,"comment_status":"open","ping_status":"closed","sticky":false,"template":"","format":"standard","meta":{"_bbp_topic_count":0,"_bbp_reply_count":0,"_bbp_total_topic_count":0,"_bbp_total_reply_count":0,"_bbp_voice_count":0,"_bbp_anonymous_reply_count":0,"_bbp_topic_count_hidden":0,"_bbp_reply_count_hidden":0,"_bbp_forum_subforum_count":0,"footnotes":""},"categories":[109,110,1,103,106,107,104,4,108],"tags":[],"class_list":["post-3141","post","type-post","status-publish","format-standard","has-post-thumbnail","hentry","category-1r","category-2n","category-general","category-hem-fet-a-escola","category-i4","category-i5","category-infantil","category-portada","category-primaria"],"post_mailing_queue_ids":[],"_links":{"self":[{"href":"https:\/\/agora.xtec.cat\/ceip-salvador-espriu-roda\/wp-json\/wp\/v2\/posts\/3141","targetHints":{"allow":["GET"]}}],"collection":[{"href":"https:\/\/agora.xtec.cat\/ceip-salvador-espriu-roda\/wp-json\/wp\/v2\/posts"}],"about":[{"href":"https:\/\/agora.xtec.cat\/ceip-salvador-espriu-roda\/wp-json\/wp\/v2\/types\/post"}],"author":[{"embeddable":true,"href":"https:\/\/agora.xtec.cat\/ceip-salvador-espriu-roda\/wp-json\/wp\/v2\/users\/1"}],"replies":[{"embeddable":true,"href":"https:\/\/agora.xtec.cat\/ceip-salvador-espriu-roda\/wp-json\/wp\/v2\/comments?post=3141"}],"version-history":[{"count":3,"href":"https:\/\/agora.xtec.cat\/ceip-salvador-espriu-roda\/wp-json\/wp\/v2\/posts\/3141\/revisions"}],"predecessor-version":[{"id":3217,"href":"https:\/\/agora.xtec.cat\/ceip-salvador-espriu-roda\/wp-json\/wp\/v2\/posts\/3141\/revisions\/3217"}],"wp:featuredmedia":[{"embeddable":true,"href":"https:\/\/agora.xtec.cat\/ceip-salvador-espriu-roda\/wp-json\/wp\/v2\/media\/3142"}],"wp:attachment":[{"href":"https:\/\/agora.xtec.cat\/ceip-salvador-espriu-roda\/wp-json\/wp\/v2\/media?parent=3141"}],"wp:term":[{"taxonomy":"category","embeddable":true,"href":"https:\/\/agora.xtec.cat\/ceip-salvador-espriu-roda\/wp-json\/wp\/v2\/categories?post=3141"},{"taxonomy":"post_tag","embeddable":true,"href":"https:\/\/agora.xtec.cat\/ceip-salvador-espriu-roda\/wp-json\/wp\/v2\/tags?post=3141"}],"curies":[{"name":"wp","href":"https:\/\/api.w.org\/{rel}","templated":true}]}}