{"id":3127,"date":"2019-11-15T11:42:21","date_gmt":"2019-11-15T10:42:21","guid":{"rendered":"http:\/\/agora.xtec.cat\/ceip-salvador-espriu-roda\/?p=3127"},"modified":"2020-01-10T10:38:06","modified_gmt":"2020-01-10T09:38:06","slug":"celebrem-la-castanyada","status":"publish","type":"post","link":"https:\/\/agora.xtec.cat\/ceip-salvador-espriu-roda\/general\/celebrem-la-castanyada\/","title":{"rendered":"Celebrem la castanyada!"},"content":{"rendered":"<p>El passat 29 de novembre vam tenir un mat\u00ed molt dolcet entre ametlles, sucre i xocolata tot preparant els panellets. <!--more-->Aquella mateixa tarda vam gaudir de la representaci\u00f3 teatral del conte de la castanyera gr\u00e0cies a les nostres fam\u00edlies.<\/p>\n<p>El dimecres 30 vam celebrar tots junts la festa de la castanyada amb danses tradicionals i amb la vostra companyia mentre degust\u00e0vem els panellets que hav\u00edem preparat.<\/p>\n<p>Us deixem un recull d&#8217;imatges perqu\u00e8 veieu com ens ho vam passar.<\/p>\n<p><a href=\"https:\/\/photos.app.goo.gl\/d9S7iDMVqLwTSh738\"><img loading=\"lazy\" decoding=\"async\" class=\"aligncenter size-full wp-image-3128\" src=\"https:\/\/agora.xtec.cat\/ceip-salvador-espriu-roda\/wp-content\/uploads\/usu1367\/2019\/11\/IMG_6714.jpg\" alt=\"\" width=\"448\" height=\"299\" srcset=\"https:\/\/agora.xtec.cat\/ceip-salvador-espriu-roda\/wp-content\/uploads\/usu1367\/2019\/11\/IMG_6714.jpg 448w, https:\/\/agora.xtec.cat\/ceip-salvador-espriu-roda\/wp-content\/uploads\/usu1367\/2019\/11\/IMG_6714-300x200.jpg 300w\" sizes=\"auto, (max-width: 448px) 100vw, 448px\" \/><\/a><\/p>\n","protected":false},"excerpt":{"rendered":"<p>El passat 29 de novembre vam tenir un mat\u00ed molt dolcet entre ametlles, sucre i xocolata tot preparant els panellets. <\/p>\n","protected":false},"author":1,"featured_media":3128,"comment_status":"open","ping_status":"closed","sticky":false,"template":"","format":"standard","meta":{"_bbp_topic_count":0,"_bbp_reply_count":0,"_bbp_total_topic_count":0,"_bbp_total_reply_count":0,"_bbp_voice_count":0,"_bbp_anonymous_reply_count":0,"_bbp_topic_count_hidden":0,"_bbp_reply_count_hidden":0,"_bbp_forum_subforum_count":0,"footnotes":""},"categories":[60,68,1,4],"tags":[],"class_list":["post-3127","post","type-post","status-publish","format-standard","has-post-thumbnail","hentry","category-castanyada","category-festes","category-general","category-portada"],"post_mailing_queue_ids":[],"_links":{"self":[{"href":"https:\/\/agora.xtec.cat\/ceip-salvador-espriu-roda\/wp-json\/wp\/v2\/posts\/3127","targetHints":{"allow":["GET"]}}],"collection":[{"href":"https:\/\/agora.xtec.cat\/ceip-salvador-espriu-roda\/wp-json\/wp\/v2\/posts"}],"about":[{"href":"https:\/\/agora.xtec.cat\/ceip-salvador-espriu-roda\/wp-json\/wp\/v2\/types\/post"}],"author":[{"embeddable":true,"href":"https:\/\/agora.xtec.cat\/ceip-salvador-espriu-roda\/wp-json\/wp\/v2\/users\/1"}],"replies":[{"embeddable":true,"href":"https:\/\/agora.xtec.cat\/ceip-salvador-espriu-roda\/wp-json\/wp\/v2\/comments?post=3127"}],"version-history":[{"count":2,"href":"https:\/\/agora.xtec.cat\/ceip-salvador-espriu-roda\/wp-json\/wp\/v2\/posts\/3127\/revisions"}],"predecessor-version":[{"id":3220,"href":"https:\/\/agora.xtec.cat\/ceip-salvador-espriu-roda\/wp-json\/wp\/v2\/posts\/3127\/revisions\/3220"}],"wp:featuredmedia":[{"embeddable":true,"href":"https:\/\/agora.xtec.cat\/ceip-salvador-espriu-roda\/wp-json\/wp\/v2\/media\/3128"}],"wp:attachment":[{"href":"https:\/\/agora.xtec.cat\/ceip-salvador-espriu-roda\/wp-json\/wp\/v2\/media?parent=3127"}],"wp:term":[{"taxonomy":"category","embeddable":true,"href":"https:\/\/agora.xtec.cat\/ceip-salvador-espriu-roda\/wp-json\/wp\/v2\/categories?post=3127"},{"taxonomy":"post_tag","embeddable":true,"href":"https:\/\/agora.xtec.cat\/ceip-salvador-espriu-roda\/wp-json\/wp\/v2\/tags?post=3127"}],"curies":[{"name":"wp","href":"https:\/\/api.w.org\/{rel}","templated":true}]}}