{"id":3119,"date":"2019-11-08T12:06:30","date_gmt":"2019-11-08T11:06:30","guid":{"rendered":"http:\/\/agora.xtec.cat\/ceip-salvador-espriu-roda\/?p=3119"},"modified":"2020-01-10T10:38:45","modified_gmt":"2020-01-10T09:38:45","slug":"experimentem-amb-els-tubs","status":"publish","type":"post","link":"https:\/\/agora.xtec.cat\/ceip-salvador-espriu-roda\/general\/experimentem-amb-els-tubs\/","title":{"rendered":"Experimentem amb els tubs!"},"content":{"rendered":"<p>Els nens i nenes de P5 hem tornat a l\u2019aula de ci\u00e8ncies, a fer Descoberta 3-6 i aquesta vegada hem experimentat amb els tubs:<!--more--> flexibles i r\u00edgids, de pl\u00e0stic, goma o cartr\u00f3 de diferents amplades, de diferents colors, llisos i rugosos&#8230;<\/p>\n<p>Hem descobert que els tubs flexibles i rugosos quan bufes per un costat els fas xiular! N\u2019hi havia un de m\u00e9s ample i transparent que si el bufaves feia un soroll com el crit d\u2019un elefant! Ens ho hem passat molt b\u00e9!<\/p>\n<p>Si parles, cantes o crides per un extrem d\u2019un tub per l\u2019altre extrem ho sents perfecte, i fins i tot m\u00e9s fort, com si fos un tel\u00e8fon. Ens hem fet un fart de riure!<\/p>\n<p>Hem enfilat tubs prims en d\u2019altres m\u00e9s gruixuts i aix\u00ed s\u2019han allargat. Hem fet unes super serps!<\/p>\n<p>Amb els tubs r\u00edgids hem construit cases, castells, torres, telescopis i tamb\u00e9 timbals.<\/p>\n<p>MIREU LES FOTOGRAFIES I VEUREU TOT EL QUE HEM APR\u00c8S!<\/p>\n<p><a href=\"https:\/\/photos.app.goo.gl\/tGRcnTQxSDDHToVe6\"><img loading=\"lazy\" decoding=\"async\" class=\"wp-image-3120 aligncenter\" src=\"https:\/\/agora.xtec.cat\/ceip-salvador-espriu-roda\/wp-content\/uploads\/usu1367\/2019\/11\/IMG_20191018_163139-1024x779.jpg\" alt=\"\" width=\"420\" height=\"320\" srcset=\"https:\/\/agora.xtec.cat\/ceip-salvador-espriu-roda\/wp-content\/uploads\/usu1367\/2019\/11\/IMG_20191018_163139-1024x779.jpg 1024w, https:\/\/agora.xtec.cat\/ceip-salvador-espriu-roda\/wp-content\/uploads\/usu1367\/2019\/11\/IMG_20191018_163139-300x228.jpg 300w, https:\/\/agora.xtec.cat\/ceip-salvador-espriu-roda\/wp-content\/uploads\/usu1367\/2019\/11\/IMG_20191018_163139-768x584.jpg 768w\" sizes=\"auto, (max-width: 420px) 100vw, 420px\" \/><\/a><\/p>\n","protected":false},"excerpt":{"rendered":"<p>Els nens i nenes de P5 hem tornat a l\u2019aula de ci\u00e8ncies, a fer Descoberta 3-6 i aquesta vegada hem experimentat amb els tubs:<\/p>\n","protected":false},"author":1,"featured_media":3120,"comment_status":"open","ping_status":"closed","sticky":false,"template":"","format":"standard","meta":{"_bbp_topic_count":0,"_bbp_reply_count":0,"_bbp_total_topic_count":0,"_bbp_total_reply_count":0,"_bbp_voice_count":0,"_bbp_anonymous_reply_count":0,"_bbp_topic_count_hidden":0,"_bbp_reply_count_hidden":0,"_bbp_forum_subforum_count":0,"footnotes":""},"categories":[65,1,103,107,104,4,77],"tags":[],"class_list":["post-3119","post","type-post","status-publish","format-standard","has-post-thumbnail","hentry","category-descoberta-3-6","category-general","category-hem-fet-a-escola","category-i5","category-infantil","category-portada","category-projectes"],"post_mailing_queue_ids":[],"_links":{"self":[{"href":"https:\/\/agora.xtec.cat\/ceip-salvador-espriu-roda\/wp-json\/wp\/v2\/posts\/3119","targetHints":{"allow":["GET"]}}],"collection":[{"href":"https:\/\/agora.xtec.cat\/ceip-salvador-espriu-roda\/wp-json\/wp\/v2\/posts"}],"about":[{"href":"https:\/\/agora.xtec.cat\/ceip-salvador-espriu-roda\/wp-json\/wp\/v2\/types\/post"}],"author":[{"embeddable":true,"href":"https:\/\/agora.xtec.cat\/ceip-salvador-espriu-roda\/wp-json\/wp\/v2\/users\/1"}],"replies":[{"embeddable":true,"href":"https:\/\/agora.xtec.cat\/ceip-salvador-espriu-roda\/wp-json\/wp\/v2\/comments?post=3119"}],"version-history":[{"count":3,"href":"https:\/\/agora.xtec.cat\/ceip-salvador-espriu-roda\/wp-json\/wp\/v2\/posts\/3119\/revisions"}],"predecessor-version":[{"id":3222,"href":"https:\/\/agora.xtec.cat\/ceip-salvador-espriu-roda\/wp-json\/wp\/v2\/posts\/3119\/revisions\/3222"}],"wp:featuredmedia":[{"embeddable":true,"href":"https:\/\/agora.xtec.cat\/ceip-salvador-espriu-roda\/wp-json\/wp\/v2\/media\/3120"}],"wp:attachment":[{"href":"https:\/\/agora.xtec.cat\/ceip-salvador-espriu-roda\/wp-json\/wp\/v2\/media?parent=3119"}],"wp:term":[{"taxonomy":"category","embeddable":true,"href":"https:\/\/agora.xtec.cat\/ceip-salvador-espriu-roda\/wp-json\/wp\/v2\/categories?post=3119"},{"taxonomy":"post_tag","embeddable":true,"href":"https:\/\/agora.xtec.cat\/ceip-salvador-espriu-roda\/wp-json\/wp\/v2\/tags?post=3119"}],"curies":[{"name":"wp","href":"https:\/\/api.w.org\/{rel}","templated":true}]}}