{"id":3100,"date":"2019-10-10T10:54:05","date_gmt":"2019-10-10T08:54:05","guid":{"rendered":"http:\/\/agora.xtec.cat\/ceip-salvador-espriu-roda\/?p=3100"},"modified":"2020-01-10T10:39:36","modified_gmt":"2020-01-10T09:39:36","slug":"visitem-els-elements-del-seguici-popular-de-roda-de-bera","status":"publish","type":"post","link":"https:\/\/agora.xtec.cat\/ceip-salvador-espriu-roda\/general\/visitem-els-elements-del-seguici-popular-de-roda-de-bera\/","title":{"rendered":"Visitem els elements del seguici popular de Roda de Ber\u00e0"},"content":{"rendered":"<p>Els nens i nenes d&#8217;educaci\u00f3 infantil i de cicle inicial hem anat a con\u00e8ixer en persona als gegants de Roda de Ber\u00e0.<!--more--> El Rigoletto, la Traviata, el Rodus i la Ber\u00e0nia ens han rebut al poliesportiu i, els dos \u00faltims, han ballat mentre nosaltres els hi pic\u00e0vem de mans una can\u00e7\u00f3. Tamb\u00e9 ens hem vestit de pagesets i pagesetes per preparar-nos per a la Festa Major petita de l&#8217;Ecce Homo que es celebrar\u00e0 aquest cap de setmana. Despr\u00e9s hem anat a visitar la Cuca Drac a Ca l&#8217;Oliverar, que simp\u00e0tica \u00e9s, ens ha agradat molt!<\/p>\n<p>Quan hem acabat de les visites hem anat a esmorzar als llimoners i ens ho hem passat molt b\u00e9!<\/p>\n<p><a href=\"https:\/\/photos.app.goo.gl\/QpYYFkPb7fkxsMcW9\"><img loading=\"lazy\" decoding=\"async\" class=\"aligncenter size-full wp-image-3101\" src=\"https:\/\/agora.xtec.cat\/ceip-salvador-espriu-roda\/wp-content\/uploads\/usu1367\/2019\/10\/Ecce-Homo.jpg\" alt=\"\" width=\"336\" height=\"448\" srcset=\"https:\/\/agora.xtec.cat\/ceip-salvador-espriu-roda\/wp-content\/uploads\/usu1367\/2019\/10\/Ecce-Homo.jpg 336w, https:\/\/agora.xtec.cat\/ceip-salvador-espriu-roda\/wp-content\/uploads\/usu1367\/2019\/10\/Ecce-Homo-225x300.jpg 225w\" sizes=\"auto, (max-width: 336px) 100vw, 336px\" \/><\/a><\/p>\n","protected":false},"excerpt":{"rendered":"<p>Els nens i nenes d&#8217;educaci\u00f3 infantil i de cicle inicial hem anat a con\u00e8ixer en persona als gegants de Roda de Ber\u00e0.<\/p>\n","protected":false},"author":1,"featured_media":3101,"comment_status":"open","ping_status":"closed","sticky":false,"template":"","format":"standard","meta":{"_bbp_topic_count":0,"_bbp_reply_count":0,"_bbp_total_topic_count":0,"_bbp_total_reply_count":0,"_bbp_voice_count":0,"_bbp_anonymous_reply_count":0,"_bbp_topic_count_hidden":0,"_bbp_reply_count_hidden":0,"_bbp_forum_subforum_count":0,"footnotes":""},"categories":[117,116,1,4,115],"tags":[],"class_list":["post-3100","post","type-post","status-publish","format-standard","has-post-thumbnail","hentry","category-comunitat-de-mitjans","category-comunitat-de-petits","category-general","category-portada","category-sortides"],"post_mailing_queue_ids":[],"_links":{"self":[{"href":"https:\/\/agora.xtec.cat\/ceip-salvador-espriu-roda\/wp-json\/wp\/v2\/posts\/3100","targetHints":{"allow":["GET"]}}],"collection":[{"href":"https:\/\/agora.xtec.cat\/ceip-salvador-espriu-roda\/wp-json\/wp\/v2\/posts"}],"about":[{"href":"https:\/\/agora.xtec.cat\/ceip-salvador-espriu-roda\/wp-json\/wp\/v2\/types\/post"}],"author":[{"embeddable":true,"href":"https:\/\/agora.xtec.cat\/ceip-salvador-espriu-roda\/wp-json\/wp\/v2\/users\/1"}],"replies":[{"embeddable":true,"href":"https:\/\/agora.xtec.cat\/ceip-salvador-espriu-roda\/wp-json\/wp\/v2\/comments?post=3100"}],"version-history":[{"count":2,"href":"https:\/\/agora.xtec.cat\/ceip-salvador-espriu-roda\/wp-json\/wp\/v2\/posts\/3100\/revisions"}],"predecessor-version":[{"id":3225,"href":"https:\/\/agora.xtec.cat\/ceip-salvador-espriu-roda\/wp-json\/wp\/v2\/posts\/3100\/revisions\/3225"}],"wp:featuredmedia":[{"embeddable":true,"href":"https:\/\/agora.xtec.cat\/ceip-salvador-espriu-roda\/wp-json\/wp\/v2\/media\/3101"}],"wp:attachment":[{"href":"https:\/\/agora.xtec.cat\/ceip-salvador-espriu-roda\/wp-json\/wp\/v2\/media?parent=3100"}],"wp:term":[{"taxonomy":"category","embeddable":true,"href":"https:\/\/agora.xtec.cat\/ceip-salvador-espriu-roda\/wp-json\/wp\/v2\/categories?post=3100"},{"taxonomy":"post_tag","embeddable":true,"href":"https:\/\/agora.xtec.cat\/ceip-salvador-espriu-roda\/wp-json\/wp\/v2\/tags?post=3100"}],"curies":[{"name":"wp","href":"https:\/\/api.w.org\/{rel}","templated":true}]}}