{"id":2899,"date":"2019-04-29T09:11:49","date_gmt":"2019-04-29T07:11:49","guid":{"rendered":"http:\/\/agora.xtec.cat\/ceip-salvador-espriu-roda\/?p=2899"},"modified":"2019-04-29T09:11:49","modified_gmt":"2019-04-29T07:11:49","slug":"mona-moneta-ben-rodoneta","status":"publish","type":"post","link":"https:\/\/agora.xtec.cat\/ceip-salvador-espriu-roda\/general\/mona-moneta-ben-rodoneta\/","title":{"rendered":"Mona moneta, ben rodoneta!"},"content":{"rendered":"<p>Ara que ja ens ha passat l&#8217;empatx de tanta xocolata&#8230; us fem arribar les fotos del dia de la mona. Durant les set setmanes anteriors, la Vella Quaresma ens va fer arribar els diferents ingredients que necessitar\u00edem per fer que la mona fos ben bona. A canvi, ens va demanar que estigu\u00e9ssim molt treballadors, i aix\u00ed ho vam fer!<\/p>\n<p>El divendres 12 d&#8217;abril ens vam ajuntar tots i entre lacasito i lacasito, la mona vam preparar&#8230; i ben bona que va quedar! Despr\u00e9s els d&#8217;educaci\u00f3 infantil vam sortir al parc dels llimoners i ens la vam menjar mentre jug\u00e0vem tots plegats. Va ser un comiat ben dol\u00e7 i divertit!<\/p>\n<p><a href=\"https:\/\/photos.app.goo.gl\/uCgUUYkcNy53VTjv9\"><img loading=\"lazy\" decoding=\"async\" class=\"aligncenter wp-image-2902 \" src=\"https:\/\/agora.xtec.cat\/ceip-salvador-espriu-roda\/wp-content\/uploads\/usu1367\/2019\/04\/2055ec0d-4b52-4d4d-bcb5-a77b2db153f0-1024x768.jpg\" alt=\"\" width=\"470\" height=\"353\" srcset=\"https:\/\/agora.xtec.cat\/ceip-salvador-espriu-roda\/wp-content\/uploads\/usu1367\/2019\/04\/2055ec0d-4b52-4d4d-bcb5-a77b2db153f0-1024x768.jpg 1024w, https:\/\/agora.xtec.cat\/ceip-salvador-espriu-roda\/wp-content\/uploads\/usu1367\/2019\/04\/2055ec0d-4b52-4d4d-bcb5-a77b2db153f0-300x225.jpg 300w, https:\/\/agora.xtec.cat\/ceip-salvador-espriu-roda\/wp-content\/uploads\/usu1367\/2019\/04\/2055ec0d-4b52-4d4d-bcb5-a77b2db153f0-768x576.jpg 768w, https:\/\/agora.xtec.cat\/ceip-salvador-espriu-roda\/wp-content\/uploads\/usu1367\/2019\/04\/2055ec0d-4b52-4d4d-bcb5-a77b2db153f0-200x150.jpg 200w, https:\/\/agora.xtec.cat\/ceip-salvador-espriu-roda\/wp-content\/uploads\/usu1367\/2019\/04\/2055ec0d-4b52-4d4d-bcb5-a77b2db153f0.jpg 1600w\" sizes=\"auto, (max-width: 470px) 100vw, 470px\" \/><\/a><\/p>\n","protected":false},"excerpt":{"rendered":"<p>Ara que ja ens ha passat l&#8217;empatx de tanta xocolata&#8230; us fem arribar les fotos del dia de la mona. Durant les set setmanes anteriors, la Vella Quaresma ens va fer arribar els diferents ingredients que necessitar\u00edem per fer que la mona fos ben bona.&hellip;  <a href=\"https:\/\/agora.xtec.cat\/ceip-salvador-espriu-roda\/general\/mona-moneta-ben-rodoneta\/\" title=\"Read Mona moneta, ben rodoneta!\">Llegeix m\u00e9s\u00bb<\/a><\/p>\n","protected":false},"author":1,"featured_media":2902,"comment_status":"open","ping_status":"closed","sticky":false,"template":"","format":"standard","meta":{"_bbp_topic_count":0,"_bbp_reply_count":0,"_bbp_total_topic_count":0,"_bbp_total_reply_count":0,"_bbp_voice_count":0,"_bbp_anonymous_reply_count":0,"_bbp_topic_count_hidden":0,"_bbp_reply_count_hidden":0,"_bbp_forum_subforum_count":0,"footnotes":""},"categories":[109,110,111,112,1,103,105,106,107,104,4,108],"tags":[],"class_list":["post-2899","post","type-post","status-publish","format-standard","has-post-thumbnail","hentry","category-1r","category-2n","category-3r","category-4t","category-general","category-hem-fet-a-escola","category-i3","category-i4","category-i5","category-infantil","category-portada","category-primaria"],"post_mailing_queue_ids":[],"_links":{"self":[{"href":"https:\/\/agora.xtec.cat\/ceip-salvador-espriu-roda\/wp-json\/wp\/v2\/posts\/2899","targetHints":{"allow":["GET"]}}],"collection":[{"href":"https:\/\/agora.xtec.cat\/ceip-salvador-espriu-roda\/wp-json\/wp\/v2\/posts"}],"about":[{"href":"https:\/\/agora.xtec.cat\/ceip-salvador-espriu-roda\/wp-json\/wp\/v2\/types\/post"}],"author":[{"embeddable":true,"href":"https:\/\/agora.xtec.cat\/ceip-salvador-espriu-roda\/wp-json\/wp\/v2\/users\/1"}],"replies":[{"embeddable":true,"href":"https:\/\/agora.xtec.cat\/ceip-salvador-espriu-roda\/wp-json\/wp\/v2\/comments?post=2899"}],"version-history":[{"count":1,"href":"https:\/\/agora.xtec.cat\/ceip-salvador-espriu-roda\/wp-json\/wp\/v2\/posts\/2899\/revisions"}],"predecessor-version":[{"id":2903,"href":"https:\/\/agora.xtec.cat\/ceip-salvador-espriu-roda\/wp-json\/wp\/v2\/posts\/2899\/revisions\/2903"}],"wp:featuredmedia":[{"embeddable":true,"href":"https:\/\/agora.xtec.cat\/ceip-salvador-espriu-roda\/wp-json\/wp\/v2\/media\/2902"}],"wp:attachment":[{"href":"https:\/\/agora.xtec.cat\/ceip-salvador-espriu-roda\/wp-json\/wp\/v2\/media?parent=2899"}],"wp:term":[{"taxonomy":"category","embeddable":true,"href":"https:\/\/agora.xtec.cat\/ceip-salvador-espriu-roda\/wp-json\/wp\/v2\/categories?post=2899"},{"taxonomy":"post_tag","embeddable":true,"href":"https:\/\/agora.xtec.cat\/ceip-salvador-espriu-roda\/wp-json\/wp\/v2\/tags?post=2899"}],"curies":[{"name":"wp","href":"https:\/\/api.w.org\/{rel}","templated":true}]}}