{"id":2868,"date":"2019-04-03T16:02:39","date_gmt":"2019-04-03T14:02:39","guid":{"rendered":"http:\/\/agora.xtec.cat\/ceip-salvador-espriu-roda\/?p=2868"},"modified":"2019-04-05T12:26:43","modified_gmt":"2019-04-05T10:26:43","slug":"enlairem-un-coet","status":"publish","type":"post","link":"https:\/\/agora.xtec.cat\/ceip-salvador-espriu-roda\/general\/enlairem-un-coet\/","title":{"rendered":"Enlairem un coet!"},"content":{"rendered":"<p>Els nens i nenes de P5 seguim estudiant l\u2019astronomia. <!--more-->El passat dilluns vam poder gaudir d\u2019una activitat molt divertida gr\u00e0cies la col\u00b7laboraci\u00f3 d\u2019en Jordi i de la Jamina, una antiga mestra de l\u2019escola molt estimada per tots\/es \u00a0nosaltres.<\/p>\n<p>Vam fer enlairar un coet utilitzant una ampolla de pl\u00e0stic,un embut, aigua i un compressor d\u2019aire.<\/p>\n<p>Va ser tan engrescador que tamb\u00e9 es van afegir altres grups.<\/p>\n<p>Ens ho vam passar d\u2019all\u00f2 m\u00e9s b\u00e9!!!!<\/p>\n<p>Si aneu a la imatge hi trobareu un v\u00eddeo de l&#8217;experiment.<\/p>\n<p><a href=\"https:\/\/photos.app.goo.gl\/CYaQoZ4TAY2CE8Fu5\"><img loading=\"lazy\" decoding=\"async\" class=\"aligncenter wp-image-2869 size-full\" src=\"https:\/\/agora.xtec.cat\/ceip-salvador-espriu-roda\/wp-content\/uploads\/usu1367\/2019\/04\/20190401_102322.jpg\" alt=\"\" width=\"218\" height=\"448\" \/><\/a><\/p>\n","protected":false},"excerpt":{"rendered":"<p>Els nens i nenes de P5 seguim estudiant l\u2019astronomia. <\/p>\n","protected":false},"author":1,"featured_media":2869,"comment_status":"open","ping_status":"closed","sticky":false,"template":"","format":"standard","meta":{"_bbp_topic_count":0,"_bbp_reply_count":0,"_bbp_total_topic_count":0,"_bbp_total_reply_count":0,"_bbp_voice_count":0,"_bbp_anonymous_reply_count":0,"_bbp_topic_count_hidden":0,"_bbp_reply_count_hidden":0,"_bbp_forum_subforum_count":0,"footnotes":""},"categories":[1,103,107,104,4],"tags":[],"class_list":["post-2868","post","type-post","status-publish","format-standard","has-post-thumbnail","hentry","category-general","category-hem-fet-a-escola","category-i5","category-infantil","category-portada"],"post_mailing_queue_ids":[],"_links":{"self":[{"href":"https:\/\/agora.xtec.cat\/ceip-salvador-espriu-roda\/wp-json\/wp\/v2\/posts\/2868","targetHints":{"allow":["GET"]}}],"collection":[{"href":"https:\/\/agora.xtec.cat\/ceip-salvador-espriu-roda\/wp-json\/wp\/v2\/posts"}],"about":[{"href":"https:\/\/agora.xtec.cat\/ceip-salvador-espriu-roda\/wp-json\/wp\/v2\/types\/post"}],"author":[{"embeddable":true,"href":"https:\/\/agora.xtec.cat\/ceip-salvador-espriu-roda\/wp-json\/wp\/v2\/users\/1"}],"replies":[{"embeddable":true,"href":"https:\/\/agora.xtec.cat\/ceip-salvador-espriu-roda\/wp-json\/wp\/v2\/comments?post=2868"}],"version-history":[{"count":2,"href":"https:\/\/agora.xtec.cat\/ceip-salvador-espriu-roda\/wp-json\/wp\/v2\/posts\/2868\/revisions"}],"predecessor-version":[{"id":2876,"href":"https:\/\/agora.xtec.cat\/ceip-salvador-espriu-roda\/wp-json\/wp\/v2\/posts\/2868\/revisions\/2876"}],"wp:featuredmedia":[{"embeddable":true,"href":"https:\/\/agora.xtec.cat\/ceip-salvador-espriu-roda\/wp-json\/wp\/v2\/media\/2869"}],"wp:attachment":[{"href":"https:\/\/agora.xtec.cat\/ceip-salvador-espriu-roda\/wp-json\/wp\/v2\/media?parent=2868"}],"wp:term":[{"taxonomy":"category","embeddable":true,"href":"https:\/\/agora.xtec.cat\/ceip-salvador-espriu-roda\/wp-json\/wp\/v2\/categories?post=2868"},{"taxonomy":"post_tag","embeddable":true,"href":"https:\/\/agora.xtec.cat\/ceip-salvador-espriu-roda\/wp-json\/wp\/v2\/tags?post=2868"}],"curies":[{"name":"wp","href":"https:\/\/api.w.org\/{rel}","templated":true}]}}