{"id":2865,"date":"2019-04-03T15:52:36","date_gmt":"2019-04-03T13:52:36","guid":{"rendered":"http:\/\/agora.xtec.cat\/ceip-salvador-espriu-roda\/?p=2865"},"modified":"2019-04-05T12:27:06","modified_gmt":"2019-04-05T10:27:06","slug":"forum-descoles-verdes-a-cambrils-2019","status":"publish","type":"post","link":"https:\/\/agora.xtec.cat\/ceip-salvador-espriu-roda\/general\/forum-descoles-verdes-a-cambrils-2019\/","title":{"rendered":"F\u00d2RUM D\u2019ESCOLES VERDES A CAMBRILS 2019"},"content":{"rendered":"<p style=\"text-align: justify;\">El passat\u00a0dimecres 20 de mar\u00e7\u00a0es va celebrar a\u00a0Cambrils\u00a0un dels\u00a0F\u00f2rums del Programa Escoles Verdes,<!--more--> que va comptar amb la participaci\u00f3 de 23 centres de prim\u00e0ria de les comarques del\u00a0Baix Camp, Tarragon\u00e8s i Alt Camp.<\/p>\n<p style=\"text-align: justify;\">El nostre centre va estar\u00a0 representat per dos mestres, l\u2019Aina i en Jordi, i quatre alumnes, la Tatiana, el Jes\u00fas, la Ver\u00f2nica i en Jan, tots ells de cinqu\u00e8 i\u00a0 membres del comit\u00e8 ambiental, que \u00e9s l\u2019\u00f2rgan de participaci\u00f3 que planifica i dinamitza les accions d\u2019Escola Verda.<\/p>\n<p style=\"text-align: justify;\">En total, unes 125 persones entre mestres i alumnes, es van reunir per tal de compartir experi\u00e8ncies, propostes i idees per millorar l\u2019educaci\u00f3 per a la sostenibilitat\u00a0a les escoles i, per extensi\u00f3, al seu entorn m\u00e9s proper.<\/p>\n<p style=\"text-align: justify;\">Entre d\u2019altres activitats, es va realitzar un\u00a0mercat d\u2019experi\u00e8ncies\u00a0per afavorir l\u2019intercanvi d\u2019idees entre els centres, una acci\u00f3 de millora conjunta tant de mestres com d\u2019alumnes i finalment una din\u00e0mica de detecci\u00f3 de\u00a0micropl\u00e0stics a la sorra de la platja.<\/p>\n<p><a href=\"https:\/\/photos.app.goo.gl\/Z6g7PsyHH2T8X2LW8\"><img loading=\"lazy\" decoding=\"async\" class=\"aligncenter wp-image-2866\" src=\"https:\/\/agora.xtec.cat\/ceip-salvador-espriu-roda\/wp-content\/uploads\/usu1367\/2019\/04\/IMG-20190328-WA0017-1024x768.jpg\" alt=\"\" width=\"629\" height=\"472\" srcset=\"https:\/\/agora.xtec.cat\/ceip-salvador-espriu-roda\/wp-content\/uploads\/usu1367\/2019\/04\/IMG-20190328-WA0017-1024x768.jpg 1024w, https:\/\/agora.xtec.cat\/ceip-salvador-espriu-roda\/wp-content\/uploads\/usu1367\/2019\/04\/IMG-20190328-WA0017-300x225.jpg 300w, https:\/\/agora.xtec.cat\/ceip-salvador-espriu-roda\/wp-content\/uploads\/usu1367\/2019\/04\/IMG-20190328-WA0017-768x576.jpg 768w, https:\/\/agora.xtec.cat\/ceip-salvador-espriu-roda\/wp-content\/uploads\/usu1367\/2019\/04\/IMG-20190328-WA0017-200x150.jpg 200w, https:\/\/agora.xtec.cat\/ceip-salvador-espriu-roda\/wp-content\/uploads\/usu1367\/2019\/04\/IMG-20190328-WA0017.jpg 1600w\" sizes=\"auto, (max-width: 629px) 100vw, 629px\" \/><\/a><\/p>\n","protected":false},"excerpt":{"rendered":"<p>El passat\u00a0dimecres 20 de mar\u00e7\u00a0es va celebrar a\u00a0Cambrils\u00a0un dels\u00a0F\u00f2rums del Programa Escoles Verdes,<\/p>\n","protected":false},"author":1,"featured_media":2866,"comment_status":"open","ping_status":"closed","sticky":false,"template":"","format":"standard","meta":{"_bbp_topic_count":0,"_bbp_reply_count":0,"_bbp_total_topic_count":0,"_bbp_total_reply_count":0,"_bbp_voice_count":0,"_bbp_anonymous_reply_count":0,"_bbp_topic_count_hidden":0,"_bbp_reply_count_hidden":0,"_bbp_forum_subforum_count":0,"footnotes":""},"categories":[81,1,4,77],"tags":[],"class_list":["post-2865","post","type-post","status-publish","format-standard","has-post-thumbnail","hentry","category-escoles-verdes","category-general","category-portada","category-projectes"],"post_mailing_queue_ids":[],"_links":{"self":[{"href":"https:\/\/agora.xtec.cat\/ceip-salvador-espriu-roda\/wp-json\/wp\/v2\/posts\/2865","targetHints":{"allow":["GET"]}}],"collection":[{"href":"https:\/\/agora.xtec.cat\/ceip-salvador-espriu-roda\/wp-json\/wp\/v2\/posts"}],"about":[{"href":"https:\/\/agora.xtec.cat\/ceip-salvador-espriu-roda\/wp-json\/wp\/v2\/types\/post"}],"author":[{"embeddable":true,"href":"https:\/\/agora.xtec.cat\/ceip-salvador-espriu-roda\/wp-json\/wp\/v2\/users\/1"}],"replies":[{"embeddable":true,"href":"https:\/\/agora.xtec.cat\/ceip-salvador-espriu-roda\/wp-json\/wp\/v2\/comments?post=2865"}],"version-history":[{"count":2,"href":"https:\/\/agora.xtec.cat\/ceip-salvador-espriu-roda\/wp-json\/wp\/v2\/posts\/2865\/revisions"}],"predecessor-version":[{"id":2877,"href":"https:\/\/agora.xtec.cat\/ceip-salvador-espriu-roda\/wp-json\/wp\/v2\/posts\/2865\/revisions\/2877"}],"wp:featuredmedia":[{"embeddable":true,"href":"https:\/\/agora.xtec.cat\/ceip-salvador-espriu-roda\/wp-json\/wp\/v2\/media\/2866"}],"wp:attachment":[{"href":"https:\/\/agora.xtec.cat\/ceip-salvador-espriu-roda\/wp-json\/wp\/v2\/media?parent=2865"}],"wp:term":[{"taxonomy":"category","embeddable":true,"href":"https:\/\/agora.xtec.cat\/ceip-salvador-espriu-roda\/wp-json\/wp\/v2\/categories?post=2865"},{"taxonomy":"post_tag","embeddable":true,"href":"https:\/\/agora.xtec.cat\/ceip-salvador-espriu-roda\/wp-json\/wp\/v2\/tags?post=2865"}],"curies":[{"name":"wp","href":"https:\/\/api.w.org\/{rel}","templated":true}]}}