{"id":2822,"date":"2019-03-13T16:31:07","date_gmt":"2019-03-13T15:31:07","guid":{"rendered":"http:\/\/agora.xtec.cat\/ceip-salvador-espriu-roda\/?p=2822"},"modified":"2019-03-15T12:18:19","modified_gmt":"2019-03-15T11:18:19","slug":"que-hem-apres-dels-gats-i-les-balenes","status":"publish","type":"post","link":"https:\/\/agora.xtec.cat\/ceip-salvador-espriu-roda\/general\/que-hem-apres-dels-gats-i-les-balenes\/","title":{"rendered":"Qu\u00e8 hem apr\u00e8s dels gats i les balenes?"},"content":{"rendered":"<p>El passat 15 de febrer els nens i nenes de P5 vam celebrar la cloenda del projecte.<!--more--> Despr\u00e9s de molts mesos d\u2019aprenentatge sobre el nom de les nostres classes triats per votaci\u00f3 (gats i balenes), vam convidar a les fam\u00edlies per fer una exposici\u00f3 de tot all\u00f2 que hav\u00edem apr\u00e8s. L\u2019assist\u00e8ncia va ser molt bona i els alumnes van fer un gran treball.<\/p>\n<p>Va ser una experi\u00e8ncia molt enriquidora!!!!!<\/p>\n<p>Volem agrair a totes les fam\u00edlies per la seva col\u00b7laboraci\u00f3 i participaci\u00f3.<\/p>\n<p><a href=\"https:\/\/photos.app.goo.gl\/yK86UrnjpZABBjky6\"><img loading=\"lazy\" decoding=\"async\" class=\"aligncenter wp-image-2823\" src=\"https:\/\/agora.xtec.cat\/ceip-salvador-espriu-roda\/wp-content\/uploads\/usu1367\/2019\/03\/IMG-20190222-WA0052-1024x578.jpg\" alt=\"\" width=\"746\" height=\"421\" srcset=\"https:\/\/agora.xtec.cat\/ceip-salvador-espriu-roda\/wp-content\/uploads\/usu1367\/2019\/03\/IMG-20190222-WA0052-1024x578.jpg 1024w, https:\/\/agora.xtec.cat\/ceip-salvador-espriu-roda\/wp-content\/uploads\/usu1367\/2019\/03\/IMG-20190222-WA0052-300x169.jpg 300w, https:\/\/agora.xtec.cat\/ceip-salvador-espriu-roda\/wp-content\/uploads\/usu1367\/2019\/03\/IMG-20190222-WA0052-768x433.jpg 768w, https:\/\/agora.xtec.cat\/ceip-salvador-espriu-roda\/wp-content\/uploads\/usu1367\/2019\/03\/IMG-20190222-WA0052.jpg 1600w\" sizes=\"auto, (max-width: 746px) 100vw, 746px\" \/><\/a><\/p>\n","protected":false},"excerpt":{"rendered":"<p>El passat 15 de febrer els nens i nenes de P5 vam celebrar la cloenda del projecte.<\/p>\n","protected":false},"author":1,"featured_media":2824,"comment_status":"open","ping_status":"closed","sticky":false,"template":"","format":"standard","meta":{"_bbp_topic_count":0,"_bbp_reply_count":0,"_bbp_total_topic_count":0,"_bbp_total_reply_count":0,"_bbp_voice_count":0,"_bbp_anonymous_reply_count":0,"_bbp_topic_count_hidden":0,"_bbp_reply_count_hidden":0,"_bbp_forum_subforum_count":0,"footnotes":""},"categories":[1,103,107,4],"tags":[],"class_list":["post-2822","post","type-post","status-publish","format-standard","has-post-thumbnail","hentry","category-general","category-hem-fet-a-escola","category-i5","category-portada"],"post_mailing_queue_ids":[],"_links":{"self":[{"href":"https:\/\/agora.xtec.cat\/ceip-salvador-espriu-roda\/wp-json\/wp\/v2\/posts\/2822","targetHints":{"allow":["GET"]}}],"collection":[{"href":"https:\/\/agora.xtec.cat\/ceip-salvador-espriu-roda\/wp-json\/wp\/v2\/posts"}],"about":[{"href":"https:\/\/agora.xtec.cat\/ceip-salvador-espriu-roda\/wp-json\/wp\/v2\/types\/post"}],"author":[{"embeddable":true,"href":"https:\/\/agora.xtec.cat\/ceip-salvador-espriu-roda\/wp-json\/wp\/v2\/users\/1"}],"replies":[{"embeddable":true,"href":"https:\/\/agora.xtec.cat\/ceip-salvador-espriu-roda\/wp-json\/wp\/v2\/comments?post=2822"}],"version-history":[{"count":3,"href":"https:\/\/agora.xtec.cat\/ceip-salvador-espriu-roda\/wp-json\/wp\/v2\/posts\/2822\/revisions"}],"predecessor-version":[{"id":2846,"href":"https:\/\/agora.xtec.cat\/ceip-salvador-espriu-roda\/wp-json\/wp\/v2\/posts\/2822\/revisions\/2846"}],"wp:featuredmedia":[{"embeddable":true,"href":"https:\/\/agora.xtec.cat\/ceip-salvador-espriu-roda\/wp-json\/wp\/v2\/media\/2824"}],"wp:attachment":[{"href":"https:\/\/agora.xtec.cat\/ceip-salvador-espriu-roda\/wp-json\/wp\/v2\/media?parent=2822"}],"wp:term":[{"taxonomy":"category","embeddable":true,"href":"https:\/\/agora.xtec.cat\/ceip-salvador-espriu-roda\/wp-json\/wp\/v2\/categories?post=2822"},{"taxonomy":"post_tag","embeddable":true,"href":"https:\/\/agora.xtec.cat\/ceip-salvador-espriu-roda\/wp-json\/wp\/v2\/tags?post=2822"}],"curies":[{"name":"wp","href":"https:\/\/api.w.org\/{rel}","templated":true}]}}