{"id":2690,"date":"2019-02-03T19:48:47","date_gmt":"2019-02-03T18:48:47","guid":{"rendered":"http:\/\/agora.xtec.cat\/ceip-salvador-espriu-roda\/?p=2690"},"modified":"2019-02-18T21:38:14","modified_gmt":"2019-02-18T20:38:14","slug":"denip-2019","status":"publish","type":"post","link":"https:\/\/agora.xtec.cat\/ceip-salvador-espriu-roda\/general\/denip-2019\/","title":{"rendered":"DENIP 2019"},"content":{"rendered":"<p>El passat dimecres 30 de gener ens vam\u00a0reunir tots plegats per celebrar el Dia Escolar de la No viol\u00e8ncia I la Pau.<!--more--><br \/>\nPer\u00f2 no hem escollit aquest dia perqu\u00e8 si, sin\u00f3 perqu\u00e8 fa 71 anys va morir un home\u00a0bo, un home que com tots nosaltres volia la Pau i va lluitar tota la seva vida per aconseguir-ho.<br \/>\nRecordem el senyor Mahatma Ghandi perqu\u00e8 tot all\u00f2 que va aconseguir no quedi\u00a0tan sols escrit en un llibre, sin\u00f3 que tot aix\u00f2 pugui inspirar la nostra manera de ser.<br \/>\nCal eliminar moltes coses: la viol\u00e8ncia de g\u00e8nere, l\u2019explotaci\u00f3 infantil, el terrorisme,\u00a0les guerres, el maltractament, el comer\u00e7 il\u00b7legal d\u2019animals, la destrucci\u00f3 del medi ambient, l\u2019abandonament de persones a la seva sort enmig del mar, i tantes i tantes altres coses que afavoreixen la pobresa i la marginalitat.<br \/>\nMalauradament encara no hi ha PAU a tot el m\u00f3n, per\u00f2 tots podem posar el nostre\u00a0granet de sorra per aconseguir el que volem, la PAU a tots els indrets del m\u00f3n.<br \/>\nPer aconseguir la Pau hem de comen\u00e7ar aqu\u00ed a l\u2019escola: no hi ha d\u2019haver baralles,\u00a0insults, hem de ser m\u00e9s solidaris, ajudar a tothom, hem de respectar-nos i aprendre a posar-se al lloc de l\u2019altre. Estem conven\u00e7uts que al m\u00f3n hi cap tothom i que tothom t\u00e9 dret a viure sense pors\u00a0i en pau. Hem apr\u00e8s que, si en tenim ganes, els conflictes es poden solucionar parlant. El di\u00e0leg ens ha d\u2019ajudar a trobar les solucions m\u00e9s justes. Avui tots hem col\u00b7laborat en aquest acte posant \u201cuna gota per la Pau\u201d. Tots ho hem\u00a0fet amb ganes i pensant en el millor desig i en all\u00f2 que podr\u00edem aportar, i aix\u00f2 tamb\u00e9 \u00e9s la Pau. Estar amb Pau ens dona seguretat, calma i sobretot ens permet<br \/>\nestar b\u00e9 amb nosaltres mateixos.<br \/>\nUna escola amb Pau \u00e9s possible si tots hi col\u00b7laborem i ens comprometem a fer-ho\u00a0realitat.<br \/>\nPer acabar volem afegir una cita de la Malala, una noia pakistanesa a qui van\u00a0atacar per defensar l\u2019educaci\u00f3 de les noies del seu pa\u00eds: \u201cAmb un nen, amb un llapis, amb un llibre i un professor podem canviar el m\u00f3n\u201d.<\/p>\n<p>Feli\u00e7 dia de la Pau!<\/p>\n<p>(Text adaptat del manifest que es va llegir el passat dimecres 30 de gener).<\/p>\n<p>Si cliqueu la imatge veureu el recull de fotos de la jornada.<\/p>\n<p><a href=\"https:\/\/photos.app.goo.gl\/Q17Aiu4siPr7jqa96\"><img loading=\"lazy\" decoding=\"async\" class=\"alignnone wp-image-2692\" src=\"https:\/\/agora.xtec.cat\/ceip-salvador-espriu-roda\/wp-content\/uploads\/usu1367\/2019\/02\/IMG_2829.jpg\" alt=\"\" width=\"493\" height=\"438\" \/><\/a><\/p>\n<p>&nbsp;<\/p>\n","protected":false},"excerpt":{"rendered":"<p>El passat dimecres 30 de gener ens vam\u00a0reunir tots plegats per celebrar el Dia Escolar de la No viol\u00e8ncia I la Pau.<\/p>\n","protected":false},"author":3,"featured_media":2692,"comment_status":"open","ping_status":"closed","sticky":false,"template":"","format":"standard","meta":{"_bbp_topic_count":0,"_bbp_reply_count":0,"_bbp_total_topic_count":0,"_bbp_total_reply_count":0,"_bbp_voice_count":0,"_bbp_anonymous_reply_count":0,"_bbp_topic_count_hidden":0,"_bbp_reply_count_hidden":0,"_bbp_forum_subforum_count":0,"footnotes":""},"categories":[71,68,1,4],"tags":[],"class_list":["post-2690","post","type-post","status-publish","format-standard","has-post-thumbnail","hentry","category-dia-de-la-pau","category-festes","category-general","category-portada"],"post_mailing_queue_ids":[],"_links":{"self":[{"href":"https:\/\/agora.xtec.cat\/ceip-salvador-espriu-roda\/wp-json\/wp\/v2\/posts\/2690","targetHints":{"allow":["GET"]}}],"collection":[{"href":"https:\/\/agora.xtec.cat\/ceip-salvador-espriu-roda\/wp-json\/wp\/v2\/posts"}],"about":[{"href":"https:\/\/agora.xtec.cat\/ceip-salvador-espriu-roda\/wp-json\/wp\/v2\/types\/post"}],"author":[{"embeddable":true,"href":"https:\/\/agora.xtec.cat\/ceip-salvador-espriu-roda\/wp-json\/wp\/v2\/users\/3"}],"replies":[{"embeddable":true,"href":"https:\/\/agora.xtec.cat\/ceip-salvador-espriu-roda\/wp-json\/wp\/v2\/comments?post=2690"}],"version-history":[{"count":4,"href":"https:\/\/agora.xtec.cat\/ceip-salvador-espriu-roda\/wp-json\/wp\/v2\/posts\/2690\/revisions"}],"predecessor-version":[{"id":2750,"href":"https:\/\/agora.xtec.cat\/ceip-salvador-espriu-roda\/wp-json\/wp\/v2\/posts\/2690\/revisions\/2750"}],"wp:featuredmedia":[{"embeddable":true,"href":"https:\/\/agora.xtec.cat\/ceip-salvador-espriu-roda\/wp-json\/wp\/v2\/media\/2692"}],"wp:attachment":[{"href":"https:\/\/agora.xtec.cat\/ceip-salvador-espriu-roda\/wp-json\/wp\/v2\/media?parent=2690"}],"wp:term":[{"taxonomy":"category","embeddable":true,"href":"https:\/\/agora.xtec.cat\/ceip-salvador-espriu-roda\/wp-json\/wp\/v2\/categories?post=2690"},{"taxonomy":"post_tag","embeddable":true,"href":"https:\/\/agora.xtec.cat\/ceip-salvador-espriu-roda\/wp-json\/wp\/v2\/tags?post=2690"}],"curies":[{"name":"wp","href":"https:\/\/api.w.org\/{rel}","templated":true}]}}