{"id":2574,"date":"2018-12-05T15:46:28","date_gmt":"2018-12-05T14:46:28","guid":{"rendered":"http:\/\/agora.xtec.cat\/ceip-salvador-espriu-roda\/?p=2574"},"modified":"2018-12-05T15:46:28","modified_gmt":"2018-12-05T14:46:28","slug":"els-petits-anem-a-cridar-el-tio","status":"publish","type":"post","link":"https:\/\/agora.xtec.cat\/ceip-salvador-espriu-roda\/general\/els-petits-anem-a-cridar-el-tio\/","title":{"rendered":"Els petits anem a cridar el Ti\u00f3"},"content":{"rendered":"<p>Benvolgudes fam\u00edlies,<\/p>\n<p>Ahir dimarts, com cada any, vam sortir a cridar al Ti\u00f3 per la muntanya. \u00a0<!--more-->Vam comen\u00e7ar la nostra recerca pel cam\u00ed de l\u2019aigua per\u00f2 no trob\u00e0vem cap rastre de que els tions estiguessin per all\u00ed. Com que ho vam trobar una mica estrany, vam decidir canviar la ruta i anar cap al cam\u00ed dels horts. All\u00ed vam tenir sort! Ja que de seguida vam trobar una pista que ens havia deixat els tions&#8230; la seva barretina! Vam continuar buscant-los i de seguida vam trobar el bast\u00f3 i la manta.\u00a0 Els nostres tions continuen igual de bromistes i ens havien deixat aquelles pistes mentre ells venien cap a l\u2019escola.<\/p>\n<p>Quan vam arribar ens esperaven a les nostres classes, congelats i afamats!! Per sort, ja els tenim tapadets amb la manta i el plat ben ple de peles de fruita, se\u2019n lleparan els dits!<\/p>\n<p>Aqu\u00ed us deixem el recull d\u2019imatges per a que veieu que b\u00e9 ens ho vam passar!<\/p>\n<p><a href=\"https:\/\/photos.app.goo.gl\/od9c2Po3ed1RnNZh7\"><img loading=\"lazy\" decoding=\"async\" class=\"aligncenter wp-image-2575\" src=\"https:\/\/agora.xtec.cat\/ceip-salvador-espriu-roda\/wp-content\/uploads\/usu1367\/2018\/12\/20181204_103216-1024x768.jpg\" alt=\"\" width=\"724\" height=\"543\" \/><\/a><\/p>\n","protected":false},"excerpt":{"rendered":"<p>Benvolgudes fam\u00edlies,<br \/>\nAhir dimarts, com cada any, vam sortir a cridar al Ti\u00f3 per la muntanya. \u00a0<\/p>\n","protected":false},"author":1,"featured_media":2575,"comment_status":"open","ping_status":"closed","sticky":false,"template":"","format":"standard","meta":{"_bbp_topic_count":0,"_bbp_reply_count":0,"_bbp_total_topic_count":0,"_bbp_total_reply_count":0,"_bbp_voice_count":0,"_bbp_anonymous_reply_count":0,"_bbp_topic_count_hidden":0,"_bbp_reply_count_hidden":0,"_bbp_forum_subforum_count":0,"footnotes":""},"categories":[116,1,4,115],"tags":[],"class_list":["post-2574","post","type-post","status-publish","format-standard","has-post-thumbnail","hentry","category-comunitat-de-petits","category-general","category-portada","category-sortides"],"post_mailing_queue_ids":[],"_links":{"self":[{"href":"https:\/\/agora.xtec.cat\/ceip-salvador-espriu-roda\/wp-json\/wp\/v2\/posts\/2574","targetHints":{"allow":["GET"]}}],"collection":[{"href":"https:\/\/agora.xtec.cat\/ceip-salvador-espriu-roda\/wp-json\/wp\/v2\/posts"}],"about":[{"href":"https:\/\/agora.xtec.cat\/ceip-salvador-espriu-roda\/wp-json\/wp\/v2\/types\/post"}],"author":[{"embeddable":true,"href":"https:\/\/agora.xtec.cat\/ceip-salvador-espriu-roda\/wp-json\/wp\/v2\/users\/1"}],"replies":[{"embeddable":true,"href":"https:\/\/agora.xtec.cat\/ceip-salvador-espriu-roda\/wp-json\/wp\/v2\/comments?post=2574"}],"version-history":[{"count":2,"href":"https:\/\/agora.xtec.cat\/ceip-salvador-espriu-roda\/wp-json\/wp\/v2\/posts\/2574\/revisions"}],"predecessor-version":[{"id":2577,"href":"https:\/\/agora.xtec.cat\/ceip-salvador-espriu-roda\/wp-json\/wp\/v2\/posts\/2574\/revisions\/2577"}],"wp:featuredmedia":[{"embeddable":true,"href":"https:\/\/agora.xtec.cat\/ceip-salvador-espriu-roda\/wp-json\/wp\/v2\/media\/2575"}],"wp:attachment":[{"href":"https:\/\/agora.xtec.cat\/ceip-salvador-espriu-roda\/wp-json\/wp\/v2\/media?parent=2574"}],"wp:term":[{"taxonomy":"category","embeddable":true,"href":"https:\/\/agora.xtec.cat\/ceip-salvador-espriu-roda\/wp-json\/wp\/v2\/categories?post=2574"},{"taxonomy":"post_tag","embeddable":true,"href":"https:\/\/agora.xtec.cat\/ceip-salvador-espriu-roda\/wp-json\/wp\/v2\/tags?post=2574"}],"curies":[{"name":"wp","href":"https:\/\/api.w.org\/{rel}","templated":true}]}}