{"id":2503,"date":"2018-11-14T16:11:04","date_gmt":"2018-11-14T15:11:04","guid":{"rendered":"http:\/\/agora.xtec.cat\/ceip-salvador-espriu-roda\/?p=2503"},"modified":"2018-12-03T09:31:04","modified_gmt":"2018-12-03T08:31:04","slug":"els-de-5e-viatgem-a-la-prehistoria","status":"publish","type":"post","link":"https:\/\/agora.xtec.cat\/ceip-salvador-espriu-roda\/general\/els-de-5e-viatgem-a-la-prehistoria\/","title":{"rendered":"Els de 5\u00e8 viatgem a la Prehist\u00f2ria"},"content":{"rendered":"<p>El passat dimecres 7 de novembre, els dos grups de cinqu\u00e8 vam anar a l\u2019Espluga de Francol\u00ed, on vam visitar la Cova Museu de la Font Major.<!--more--> Vam rec\u00f3rrer uns 600 metres (una petita part de la cova), al llarg dels quals ens vam poder apropar a la vida de les comunitats paleol\u00edtiques fins als grups d\u2019\u00edbers. Amb les figures de mida natural, els audiovisuals i les explicacions del monitor vam entendre molt b\u00e9 l\u2019evoluci\u00f3 dels diferents grups humans que, fa milers d\u2019anys, van habitar aquest indret.<\/p>\n<p>Vam complementar la visita amb un taller de pintura rupestre: sobre una rajola de pedra cada alumne va fer un dibuix fent servir els pigments paleol\u00edtics: una barreja d\u2019ou, rovell i aigua. Una activitat\u00a0 original per tal de recordar aquesta visita.<\/p>\n<p>Si pitgeu la imatge, accedireu al recull fotogr\u00e0fic de la sortida.<\/p>\n<p><a href=\"https:\/\/photos.app.goo.gl\/zqtBEkwooC91dLdGA\"><img loading=\"lazy\" decoding=\"async\" class=\"aligncenter wp-image-2511 size-full\" src=\"https:\/\/agora.xtec.cat\/ceip-salvador-espriu-roda\/wp-content\/uploads\/usu1367\/2018\/11\/IMG_20181107_115337.jpg\" alt=\"\" width=\"448\" height=\"336\" srcset=\"https:\/\/agora.xtec.cat\/ceip-salvador-espriu-roda\/wp-content\/uploads\/usu1367\/2018\/11\/IMG_20181107_115337.jpg 448w, https:\/\/agora.xtec.cat\/ceip-salvador-espriu-roda\/wp-content\/uploads\/usu1367\/2018\/11\/IMG_20181107_115337-300x225.jpg 300w, https:\/\/agora.xtec.cat\/ceip-salvador-espriu-roda\/wp-content\/uploads\/usu1367\/2018\/11\/IMG_20181107_115337-200x150.jpg 200w\" sizes=\"auto, (max-width: 448px) 100vw, 448px\" \/><\/a><\/p>\n","protected":false},"excerpt":{"rendered":"<p>El passat dimecres 7 de novembre, els dos grups de cinqu\u00e8 vam anar a l\u2019Espluga de Francol\u00ed, on vam visitar la Cova Museu de la Font Major.<\/p>\n","protected":false},"author":1,"featured_media":2511,"comment_status":"open","ping_status":"closed","sticky":false,"template":"","format":"standard","meta":{"_bbp_topic_count":0,"_bbp_reply_count":0,"_bbp_total_topic_count":0,"_bbp_total_reply_count":0,"_bbp_voice_count":0,"_bbp_anonymous_reply_count":0,"_bbp_topic_count_hidden":0,"_bbp_reply_count_hidden":0,"_bbp_forum_subforum_count":0,"footnotes":""},"categories":[113,1,103,4,108],"tags":[],"class_list":["post-2503","post","type-post","status-publish","format-standard","has-post-thumbnail","hentry","category-5e","category-general","category-hem-fet-a-escola","category-portada","category-primaria"],"post_mailing_queue_ids":[],"_links":{"self":[{"href":"https:\/\/agora.xtec.cat\/ceip-salvador-espriu-roda\/wp-json\/wp\/v2\/posts\/2503","targetHints":{"allow":["GET"]}}],"collection":[{"href":"https:\/\/agora.xtec.cat\/ceip-salvador-espriu-roda\/wp-json\/wp\/v2\/posts"}],"about":[{"href":"https:\/\/agora.xtec.cat\/ceip-salvador-espriu-roda\/wp-json\/wp\/v2\/types\/post"}],"author":[{"embeddable":true,"href":"https:\/\/agora.xtec.cat\/ceip-salvador-espriu-roda\/wp-json\/wp\/v2\/users\/1"}],"replies":[{"embeddable":true,"href":"https:\/\/agora.xtec.cat\/ceip-salvador-espriu-roda\/wp-json\/wp\/v2\/comments?post=2503"}],"version-history":[{"count":3,"href":"https:\/\/agora.xtec.cat\/ceip-salvador-espriu-roda\/wp-json\/wp\/v2\/posts\/2503\/revisions"}],"predecessor-version":[{"id":2550,"href":"https:\/\/agora.xtec.cat\/ceip-salvador-espriu-roda\/wp-json\/wp\/v2\/posts\/2503\/revisions\/2550"}],"wp:featuredmedia":[{"embeddable":true,"href":"https:\/\/agora.xtec.cat\/ceip-salvador-espriu-roda\/wp-json\/wp\/v2\/media\/2511"}],"wp:attachment":[{"href":"https:\/\/agora.xtec.cat\/ceip-salvador-espriu-roda\/wp-json\/wp\/v2\/media?parent=2503"}],"wp:term":[{"taxonomy":"category","embeddable":true,"href":"https:\/\/agora.xtec.cat\/ceip-salvador-espriu-roda\/wp-json\/wp\/v2\/categories?post=2503"},{"taxonomy":"post_tag","embeddable":true,"href":"https:\/\/agora.xtec.cat\/ceip-salvador-espriu-roda\/wp-json\/wp\/v2\/tags?post=2503"}],"curies":[{"name":"wp","href":"https:\/\/api.w.org\/{rel}","templated":true}]}}