{"id":2500,"date":"2018-11-14T15:49:26","date_gmt":"2018-11-14T14:49:26","guid":{"rendered":"http:\/\/agora.xtec.cat\/ceip-salvador-espriu-roda\/?p=2500"},"modified":"2018-11-14T15:49:26","modified_gmt":"2018-11-14T14:49:26","slug":"fem-corners","status":"publish","type":"post","link":"https:\/\/agora.xtec.cat\/ceip-salvador-espriu-roda\/portada\/fem-corners\/","title":{"rendered":"Fem Corners"},"content":{"rendered":"<p>A angl\u00e8s, un cop a la setmana juguem a diferents jocs que ens ajuden a aprendre aspectes concrets de la llengua, s\u00f3n els corners (racons).<!--more--><\/p>\n<p>Aquesta metodologia consisteix en jugar i participar en les diferents propostes que els presentem, concretament tres. Tots\/es han de passar per tots els racons, per aix\u00ed aprendre de totes les propostes. Quan la mestra diu \u201cChange\u201d, ells\/es han de recollir els materials i canviar de rac\u00f3, \u00e9s a dir, aquesta metodologia t\u00e9 un mecanisme rotatori.<\/p>\n<p>Tenim el rac\u00f3 de <em>writing<\/em> (escriptura), rac\u00f3 de <em>speaking<\/em> (parlar) i rac\u00f3 de <em>vocabulary<\/em> (vocabulari). Cada vuit sessions canviem de jocs, per\u00f2 els aspectes generals a treballar sempre s\u00f3n aquests tres.<\/p>\n<p>Si en voleu saber m\u00e9s, aquesta fotografia un enlla\u00e7a a un \u00e0lbum amb un recull d&#8217;imatges d&#8217;aquesta activitat.<\/p>\n<p><a href=\"https:\/\/photos.app.goo.gl\/q2xNpy2PKJLTz1uB6\"><img loading=\"lazy\" decoding=\"async\" class=\"wp-image-2501 \" src=\"https:\/\/agora.xtec.cat\/ceip-salvador-espriu-roda\/wp-content\/uploads\/usu1367\/2018\/11\/IMG_20181114_091650-1024x693.jpg\" alt=\"\" width=\"727\" height=\"492\" srcset=\"https:\/\/agora.xtec.cat\/ceip-salvador-espriu-roda\/wp-content\/uploads\/usu1367\/2018\/11\/IMG_20181114_091650-1024x693.jpg 1024w, https:\/\/agora.xtec.cat\/ceip-salvador-espriu-roda\/wp-content\/uploads\/usu1367\/2018\/11\/IMG_20181114_091650-300x203.jpg 300w, https:\/\/agora.xtec.cat\/ceip-salvador-espriu-roda\/wp-content\/uploads\/usu1367\/2018\/11\/IMG_20181114_091650-768x520.jpg 768w\" sizes=\"auto, (max-width: 727px) 100vw, 727px\" \/><\/a><\/p>\n","protected":false},"excerpt":{"rendered":"<p>A angl\u00e8s, un cop a la setmana juguem a diferents jocs que ens ajuden a aprendre aspectes concrets de la llengua, s\u00f3n els corners (racons).<\/p>\n","protected":false},"author":1,"featured_media":2501,"comment_status":"open","ping_status":"closed","sticky":false,"template":"","format":"standard","meta":{"_bbp_topic_count":0,"_bbp_reply_count":0,"_bbp_total_topic_count":0,"_bbp_total_reply_count":0,"_bbp_voice_count":0,"_bbp_anonymous_reply_count":0,"_bbp_topic_count_hidden":0,"_bbp_reply_count_hidden":0,"_bbp_forum_subforum_count":0,"footnotes":""},"categories":[112,113,114,103,4,108],"tags":[],"class_list":["post-2500","post","type-post","status-publish","format-standard","has-post-thumbnail","hentry","category-4t","category-5e","category-6e","category-hem-fet-a-escola","category-portada","category-primaria"],"post_mailing_queue_ids":[],"_links":{"self":[{"href":"https:\/\/agora.xtec.cat\/ceip-salvador-espriu-roda\/wp-json\/wp\/v2\/posts\/2500","targetHints":{"allow":["GET"]}}],"collection":[{"href":"https:\/\/agora.xtec.cat\/ceip-salvador-espriu-roda\/wp-json\/wp\/v2\/posts"}],"about":[{"href":"https:\/\/agora.xtec.cat\/ceip-salvador-espriu-roda\/wp-json\/wp\/v2\/types\/post"}],"author":[{"embeddable":true,"href":"https:\/\/agora.xtec.cat\/ceip-salvador-espriu-roda\/wp-json\/wp\/v2\/users\/1"}],"replies":[{"embeddable":true,"href":"https:\/\/agora.xtec.cat\/ceip-salvador-espriu-roda\/wp-json\/wp\/v2\/comments?post=2500"}],"version-history":[{"count":3,"href":"https:\/\/agora.xtec.cat\/ceip-salvador-espriu-roda\/wp-json\/wp\/v2\/posts\/2500\/revisions"}],"predecessor-version":[{"id":2510,"href":"https:\/\/agora.xtec.cat\/ceip-salvador-espriu-roda\/wp-json\/wp\/v2\/posts\/2500\/revisions\/2510"}],"wp:featuredmedia":[{"embeddable":true,"href":"https:\/\/agora.xtec.cat\/ceip-salvador-espriu-roda\/wp-json\/wp\/v2\/media\/2501"}],"wp:attachment":[{"href":"https:\/\/agora.xtec.cat\/ceip-salvador-espriu-roda\/wp-json\/wp\/v2\/media?parent=2500"}],"wp:term":[{"taxonomy":"category","embeddable":true,"href":"https:\/\/agora.xtec.cat\/ceip-salvador-espriu-roda\/wp-json\/wp\/v2\/categories?post=2500"},{"taxonomy":"post_tag","embeddable":true,"href":"https:\/\/agora.xtec.cat\/ceip-salvador-espriu-roda\/wp-json\/wp\/v2\/tags?post=2500"}],"curies":[{"name":"wp","href":"https:\/\/api.w.org\/{rel}","templated":true}]}}