{"id":2489,"date":"2018-11-14T15:49:08","date_gmt":"2018-11-14T14:49:08","guid":{"rendered":"http:\/\/agora.xtec.cat\/ceip-salvador-espriu-roda\/?p=2489"},"modified":"2019-02-16T15:55:34","modified_gmt":"2019-02-16T14:55:34","slug":"la-cova-den-merla","status":"publish","type":"post","link":"https:\/\/agora.xtec.cat\/ceip-salvador-espriu-roda\/general\/la-cova-den-merla\/","title":{"rendered":"La cova d&#8217;en Merla"},"content":{"rendered":"<p>Els alumnes de 6\u00e8 vam anar a visitar l&#8217;avenc del Merla, la cova m\u00e9s important de Roda de Ber\u00e0 i que dona nom a la classe de 6\u00e8B. <!--more-->Va ser un &#8220;passeig&#8221; de gaireb\u00e9 9 km per\u00f2 tots vam quedar molt contents de l&#8217;experi\u00e8ncia.<\/p>\n<p>A l&#8217;avenc del Merla, es pot entrar amb facilitat al primer espai, per\u00f2 per endinsar-se, cal portar material d&#8217;escalada.<\/p>\n<p>Est\u00e0 situada a la falda de la Serra Llarga, t\u00e9 una petita entrada que penetra a la roca de manera inclinada i pot arribar a una profunditat de 200 metres. La cova va ser habitatge d\u2019antics homes i dones de la prehist\u00f2ria pels material trobats a l&#8217;interior.<\/p>\n<p>Feu click a la imatge per veure que b\u00e9 ens ho vam passar!<\/p>\n<p><a href=\"https:\/\/photos.app.goo.gl\/9HPiSHeMZaHWpuANA\"><img loading=\"lazy\" decoding=\"async\" class=\"aligncenter wp-image-2490\" src=\"https:\/\/agora.xtec.cat\/ceip-salvador-espriu-roda\/wp-content\/uploads\/usu1367\/2018\/11\/IMG_0810-1024x647.jpg\" alt=\"\" width=\"590\" height=\"373\" srcset=\"https:\/\/agora.xtec.cat\/ceip-salvador-espriu-roda\/wp-content\/uploads\/usu1367\/2018\/11\/IMG_0810.jpg 1024w, https:\/\/agora.xtec.cat\/ceip-salvador-espriu-roda\/wp-content\/uploads\/usu1367\/2018\/11\/IMG_0810-300x190.jpg 300w, https:\/\/agora.xtec.cat\/ceip-salvador-espriu-roda\/wp-content\/uploads\/usu1367\/2018\/11\/IMG_0810-768x485.jpg 768w\" sizes=\"auto, (max-width: 590px) 100vw, 590px\" \/><\/a><\/p>\n","protected":false},"excerpt":{"rendered":"<p>Els alumnes de 6\u00e8 vam anar a visitar l&#8217;avenc del Merla, la cova m\u00e9s important de Roda de Ber\u00e0 i que dona nom a la classe de 6\u00e8B. <\/p>\n","protected":false},"author":3,"featured_media":2490,"comment_status":"open","ping_status":"closed","sticky":false,"template":"","format":"standard","meta":{"_bbp_topic_count":0,"_bbp_reply_count":0,"_bbp_total_topic_count":0,"_bbp_total_reply_count":0,"_bbp_voice_count":0,"_bbp_anonymous_reply_count":0,"_bbp_topic_count_hidden":0,"_bbp_reply_count_hidden":0,"_bbp_forum_subforum_count":0,"footnotes":""},"categories":[114,1,103,4,108],"tags":[],"class_list":["post-2489","post","type-post","status-publish","format-standard","has-post-thumbnail","hentry","category-6e","category-general","category-hem-fet-a-escola","category-portada","category-primaria"],"post_mailing_queue_ids":[],"_links":{"self":[{"href":"https:\/\/agora.xtec.cat\/ceip-salvador-espriu-roda\/wp-json\/wp\/v2\/posts\/2489","targetHints":{"allow":["GET"]}}],"collection":[{"href":"https:\/\/agora.xtec.cat\/ceip-salvador-espriu-roda\/wp-json\/wp\/v2\/posts"}],"about":[{"href":"https:\/\/agora.xtec.cat\/ceip-salvador-espriu-roda\/wp-json\/wp\/v2\/types\/post"}],"author":[{"embeddable":true,"href":"https:\/\/agora.xtec.cat\/ceip-salvador-espriu-roda\/wp-json\/wp\/v2\/users\/3"}],"replies":[{"embeddable":true,"href":"https:\/\/agora.xtec.cat\/ceip-salvador-espriu-roda\/wp-json\/wp\/v2\/comments?post=2489"}],"version-history":[{"count":3,"href":"https:\/\/agora.xtec.cat\/ceip-salvador-espriu-roda\/wp-json\/wp\/v2\/posts\/2489\/revisions"}],"predecessor-version":[{"id":2552,"href":"https:\/\/agora.xtec.cat\/ceip-salvador-espriu-roda\/wp-json\/wp\/v2\/posts\/2489\/revisions\/2552"}],"wp:featuredmedia":[{"embeddable":true,"href":"https:\/\/agora.xtec.cat\/ceip-salvador-espriu-roda\/wp-json\/wp\/v2\/media\/2490"}],"wp:attachment":[{"href":"https:\/\/agora.xtec.cat\/ceip-salvador-espriu-roda\/wp-json\/wp\/v2\/media?parent=2489"}],"wp:term":[{"taxonomy":"category","embeddable":true,"href":"https:\/\/agora.xtec.cat\/ceip-salvador-espriu-roda\/wp-json\/wp\/v2\/categories?post=2489"},{"taxonomy":"post_tag","embeddable":true,"href":"https:\/\/agora.xtec.cat\/ceip-salvador-espriu-roda\/wp-json\/wp\/v2\/tags?post=2489"}],"curies":[{"name":"wp","href":"https:\/\/api.w.org\/{rel}","templated":true}]}}