{"id":2484,"date":"2018-11-07T16:12:24","date_gmt":"2018-11-07T15:12:24","guid":{"rendered":"http:\/\/agora.xtec.cat\/ceip-salvador-espriu-roda\/?p=2484"},"modified":"2018-12-03T09:31:24","modified_gmt":"2018-12-03T08:31:24","slug":"atrapats-en-una-escape-room","status":"publish","type":"post","link":"https:\/\/agora.xtec.cat\/ceip-salvador-espriu-roda\/general\/atrapats-en-una-escape-room\/","title":{"rendered":"Atrapats en una Escape Room!"},"content":{"rendered":"<p>Els i les alumnes de 3r, 4t, 5\u00e8 i 6\u00e8 vam participar en una <em>Escape room<\/em> de Halloween!<!--more--><\/p>\n<p>A les <em>escapes room<\/em> hi ha un objectiu molt clar: escapar!<\/p>\n<p>Per\u00f2 per fer-ho s\u2019han de trobar pistes i desxifrar-les. Aquestes pistes ens van conduint a altres habitacions, on trobarem m\u00e9s proves a superar. I \u00e9s que no pod\u00edem fer altra cosa que buscar i buscar perqu\u00e8&#8230; els monstres de Halloween ens havien pres els nostres jocs de <em>Corners<\/em>!<\/p>\n<p>Sort que ens vam saber organitzar i pensar de valent per trobar-los. I a m\u00e9s, els monstres ens van deixar una recompensa que ens encanta: llaminadures!<\/p>\n<p>Aqu\u00ed us deixem algunes fotos. M\u00e9s endavant penjarem v\u00eddeos per a que pugueu veure millor el b\u00e9 que ens ho vam passar!<\/p>\n<figure class=\"figure wp-caption aligncenter\"><a href=\"https:\/\/photos.app.goo.gl\/m1aX4CwtaEMjwYA66\"><img loading=\"lazy\" decoding=\"async\" class=\"wp-image-2485 size-full\" src=\"https:\/\/agora.xtec.cat\/ceip-salvador-espriu-roda\/wp-content\/uploads\/usu1367\/2018\/11\/IMG_20181026_155817.jpg\" alt=\"\" width=\"448\" height=\"336\" srcset=\"https:\/\/agora.xtec.cat\/ceip-salvador-espriu-roda\/wp-content\/uploads\/usu1367\/2018\/11\/IMG_20181026_155817.jpg 448w, https:\/\/agora.xtec.cat\/ceip-salvador-espriu-roda\/wp-content\/uploads\/usu1367\/2018\/11\/IMG_20181026_155817-300x225.jpg 300w, https:\/\/agora.xtec.cat\/ceip-salvador-espriu-roda\/wp-content\/uploads\/usu1367\/2018\/11\/IMG_20181026_155817-200x150.jpg 200w\" sizes=\"auto, (max-width: 448px) 100vw, 448px\" \/><\/a><figcaption class=\"wp-caption-text\">cof<\/figcaption><\/figure>\n","protected":false},"excerpt":{"rendered":"<p>Els i les alumnes de 3r, 4t, 5\u00e8 i 6\u00e8 vam participar en una Escape room de Halloween!<\/p>\n","protected":false},"author":1,"featured_media":2485,"comment_status":"open","ping_status":"closed","sticky":false,"template":"","format":"standard","meta":{"_bbp_topic_count":0,"_bbp_reply_count":0,"_bbp_total_topic_count":0,"_bbp_total_reply_count":0,"_bbp_voice_count":0,"_bbp_anonymous_reply_count":0,"_bbp_topic_count_hidden":0,"_bbp_reply_count_hidden":0,"_bbp_forum_subforum_count":0,"footnotes":""},"categories":[111,112,113,114,1,103,4,108],"tags":[],"class_list":["post-2484","post","type-post","status-publish","format-standard","has-post-thumbnail","hentry","category-3r","category-4t","category-5e","category-6e","category-general","category-hem-fet-a-escola","category-portada","category-primaria"],"post_mailing_queue_ids":[],"_links":{"self":[{"href":"https:\/\/agora.xtec.cat\/ceip-salvador-espriu-roda\/wp-json\/wp\/v2\/posts\/2484","targetHints":{"allow":["GET"]}}],"collection":[{"href":"https:\/\/agora.xtec.cat\/ceip-salvador-espriu-roda\/wp-json\/wp\/v2\/posts"}],"about":[{"href":"https:\/\/agora.xtec.cat\/ceip-salvador-espriu-roda\/wp-json\/wp\/v2\/types\/post"}],"author":[{"embeddable":true,"href":"https:\/\/agora.xtec.cat\/ceip-salvador-espriu-roda\/wp-json\/wp\/v2\/users\/1"}],"replies":[{"embeddable":true,"href":"https:\/\/agora.xtec.cat\/ceip-salvador-espriu-roda\/wp-json\/wp\/v2\/comments?post=2484"}],"version-history":[{"count":2,"href":"https:\/\/agora.xtec.cat\/ceip-salvador-espriu-roda\/wp-json\/wp\/v2\/posts\/2484\/revisions"}],"predecessor-version":[{"id":2551,"href":"https:\/\/agora.xtec.cat\/ceip-salvador-espriu-roda\/wp-json\/wp\/v2\/posts\/2484\/revisions\/2551"}],"wp:featuredmedia":[{"embeddable":true,"href":"https:\/\/agora.xtec.cat\/ceip-salvador-espriu-roda\/wp-json\/wp\/v2\/media\/2485"}],"wp:attachment":[{"href":"https:\/\/agora.xtec.cat\/ceip-salvador-espriu-roda\/wp-json\/wp\/v2\/media?parent=2484"}],"wp:term":[{"taxonomy":"category","embeddable":true,"href":"https:\/\/agora.xtec.cat\/ceip-salvador-espriu-roda\/wp-json\/wp\/v2\/categories?post=2484"},{"taxonomy":"post_tag","embeddable":true,"href":"https:\/\/agora.xtec.cat\/ceip-salvador-espriu-roda\/wp-json\/wp\/v2\/tags?post=2484"}],"curies":[{"name":"wp","href":"https:\/\/api.w.org\/{rel}","templated":true}]}}