{"id":2437,"date":"2018-10-10T16:11:27","date_gmt":"2018-10-10T14:11:27","guid":{"rendered":"http:\/\/agora.xtec.cat\/ceip-salvador-espriu-roda\/?p=2437"},"modified":"2018-10-30T11:55:54","modified_gmt":"2018-10-30T10:55:54","slug":"els-dinfantil-coneixem-els-gegants-de-roda-de-bera","status":"publish","type":"post","link":"https:\/\/agora.xtec.cat\/ceip-salvador-espriu-roda\/general\/els-dinfantil-coneixem-els-gegants-de-roda-de-bera\/","title":{"rendered":"Els d&#8217;infantil coneixem els gegants de Roda de Ber\u00e0"},"content":{"rendered":"<p>Els nens i nenes d&#8217;Educaci\u00f3 Infantil portem dies preparant-nos per rebre la Festa Major Petita de Roda de Ber\u00e0. <!--more-->A l&#8217;escola hem treballat els elements del seguici popular i teniem moltes ganes de con\u00e8ixer als nostres gegants: el Rodus, la Ber\u00e0nia, el Rigoletto i la Traviata.<\/p>\n<p>Avui, hem anat fins al pavell\u00f3 de Roda per con\u00e8ixer-los i&#8230; quina sorpresa hem tingut quan els hem vist, que alts s\u00f3n!! La Isabel ens ha explicat el conte de la seva hist\u00f2ria i ens hem disfressat de pagesets i, per acabar, hem vist ballar al Rodus mentre li cant\u00e0vem una can\u00e7\u00f3.<\/p>\n<p>De tornada cap a l&#8217;escola, hem parat al parc dels Llimoners per esmorzar i ens ho hem passar molt b\u00e9 jugant!<\/p>\n<p>Si ho voleu veure, nom\u00e9s cal que cliqueu la imatge i trobareu m\u00e9s fotos i v\u00eddeos de la sortida.<\/p>\n<p>Bona Festa Major!!!<\/p>\n<p><a href=\"https:\/\/photos.app.goo.gl\/raArf6JA445W5Mnx6\"><img loading=\"lazy\" decoding=\"async\" class=\"aligncenter wp-image-2439 size-full\" src=\"https:\/\/agora.xtec.cat\/ceip-salvador-espriu-roda\/wp-content\/uploads\/usu1367\/2018\/10\/IMG_8342.jpg\" alt=\"\" width=\"336\" height=\"448\" srcset=\"https:\/\/agora.xtec.cat\/ceip-salvador-espriu-roda\/wp-content\/uploads\/usu1367\/2018\/10\/IMG_8342.jpg 336w, https:\/\/agora.xtec.cat\/ceip-salvador-espriu-roda\/wp-content\/uploads\/usu1367\/2018\/10\/IMG_8342-225x300.jpg 225w\" sizes=\"auto, (max-width: 336px) 100vw, 336px\" \/><\/a><\/p>\n","protected":false},"excerpt":{"rendered":"<p>Els nens i nenes d&#8217;Educaci\u00f3 Infantil portem dies preparant-nos per rebre la Festa Major Petita de Roda de Ber\u00e0. <\/p>\n","protected":false},"author":1,"featured_media":2439,"comment_status":"open","ping_status":"closed","sticky":false,"template":"","format":"standard","meta":{"_bbp_topic_count":0,"_bbp_reply_count":0,"_bbp_total_topic_count":0,"_bbp_total_reply_count":0,"_bbp_voice_count":0,"_bbp_anonymous_reply_count":0,"_bbp_topic_count_hidden":0,"_bbp_reply_count_hidden":0,"_bbp_forum_subforum_count":0,"footnotes":""},"categories":[116,1,4,115],"tags":[],"class_list":["post-2437","post","type-post","status-publish","format-standard","has-post-thumbnail","hentry","category-comunitat-de-petits","category-general","category-portada","category-sortides"],"post_mailing_queue_ids":[],"_links":{"self":[{"href":"https:\/\/agora.xtec.cat\/ceip-salvador-espriu-roda\/wp-json\/wp\/v2\/posts\/2437","targetHints":{"allow":["GET"]}}],"collection":[{"href":"https:\/\/agora.xtec.cat\/ceip-salvador-espriu-roda\/wp-json\/wp\/v2\/posts"}],"about":[{"href":"https:\/\/agora.xtec.cat\/ceip-salvador-espriu-roda\/wp-json\/wp\/v2\/types\/post"}],"author":[{"embeddable":true,"href":"https:\/\/agora.xtec.cat\/ceip-salvador-espriu-roda\/wp-json\/wp\/v2\/users\/1"}],"replies":[{"embeddable":true,"href":"https:\/\/agora.xtec.cat\/ceip-salvador-espriu-roda\/wp-json\/wp\/v2\/comments?post=2437"}],"version-history":[{"count":3,"href":"https:\/\/agora.xtec.cat\/ceip-salvador-espriu-roda\/wp-json\/wp\/v2\/posts\/2437\/revisions"}],"predecessor-version":[{"id":2479,"href":"https:\/\/agora.xtec.cat\/ceip-salvador-espriu-roda\/wp-json\/wp\/v2\/posts\/2437\/revisions\/2479"}],"wp:featuredmedia":[{"embeddable":true,"href":"https:\/\/agora.xtec.cat\/ceip-salvador-espriu-roda\/wp-json\/wp\/v2\/media\/2439"}],"wp:attachment":[{"href":"https:\/\/agora.xtec.cat\/ceip-salvador-espriu-roda\/wp-json\/wp\/v2\/media?parent=2437"}],"wp:term":[{"taxonomy":"category","embeddable":true,"href":"https:\/\/agora.xtec.cat\/ceip-salvador-espriu-roda\/wp-json\/wp\/v2\/categories?post=2437"},{"taxonomy":"post_tag","embeddable":true,"href":"https:\/\/agora.xtec.cat\/ceip-salvador-espriu-roda\/wp-json\/wp\/v2\/tags?post=2437"}],"curies":[{"name":"wp","href":"https:\/\/api.w.org\/{rel}","templated":true}]}}