{"id":2435,"date":"2018-10-17T15:48:24","date_gmt":"2018-10-17T13:48:24","guid":{"rendered":"http:\/\/agora.xtec.cat\/ceip-salvador-espriu-roda\/?p=2435"},"modified":"2018-11-14T16:01:56","modified_gmt":"2018-11-14T15:01:56","slug":"primer-dies-a-p3","status":"publish","type":"post","link":"https:\/\/agora.xtec.cat\/ceip-salvador-espriu-roda\/general\/primer-dies-a-p3\/","title":{"rendered":"PRIMER DIES A P3"},"content":{"rendered":"<p style=\"text-align: justify;\">Els nens i nenes de P3. venim molt contents a l\u2019escola i \u00e9s que ja estem for\u00e7a adaptats. Aquests primers dies hem fet moltes coses com jugar, modelar plastilina,\u00a0 pintar, construir amb les fustes, punxar, psicomotricitat, descoberta,&#8230; <!--more-->tamb\u00e9 hem anat a visitar l\u2019escola i ja sabem on t\u00e9 la casa el M\u00e0gic, on est\u00e0 l\u2019hort, on estudien els m\u00e9s grans,&#8230; i com no ja sabem quins s\u00f3n els nostres mestres. Perqu\u00e8 pugueu veure-ho per vosaltres mateixos, aqu\u00ed us deixem unes fotos.<\/p>\n<p><a href=\"https:\/\/photos.app.goo.gl\/YmmLMuvXx6vwMU1G7\"><img loading=\"lazy\" decoding=\"async\" class=\"aligncenter wp-image-2449 size-full\" src=\"https:\/\/agora.xtec.cat\/ceip-salvador-espriu-roda\/wp-content\/uploads\/usu1367\/2018\/10\/20180919_150431.jpg\" alt=\"\" width=\"448\" height=\"252\" srcset=\"https:\/\/agora.xtec.cat\/ceip-salvador-espriu-roda\/wp-content\/uploads\/usu1367\/2018\/10\/20180919_150431.jpg 448w, https:\/\/agora.xtec.cat\/ceip-salvador-espriu-roda\/wp-content\/uploads\/usu1367\/2018\/10\/20180919_150431-300x169.jpg 300w\" sizes=\"auto, (max-width: 448px) 100vw, 448px\" \/><\/a><\/p>\n","protected":false},"excerpt":{"rendered":"<p>Els nens i nenes de P3. venim molt contents a l\u2019escola i \u00e9s que ja estem for\u00e7a adaptats. Aquests primers dies hem fet moltes coses com jugar, modelar plastilina,\u00a0 pintar, construir amb les fustes, punxar, psicomotricitat, descoberta,&#8230; <\/p>\n","protected":false},"author":1,"featured_media":2449,"comment_status":"open","ping_status":"closed","sticky":false,"template":"","format":"standard","meta":{"_bbp_topic_count":0,"_bbp_reply_count":0,"_bbp_total_topic_count":0,"_bbp_total_reply_count":0,"_bbp_voice_count":0,"_bbp_anonymous_reply_count":0,"_bbp_topic_count_hidden":0,"_bbp_reply_count_hidden":0,"_bbp_forum_subforum_count":0,"footnotes":""},"categories":[1,103,105,104,4],"tags":[],"class_list":["post-2435","post","type-post","status-publish","format-standard","has-post-thumbnail","hentry","category-general","category-hem-fet-a-escola","category-i3","category-infantil","category-portada"],"post_mailing_queue_ids":[],"_links":{"self":[{"href":"https:\/\/agora.xtec.cat\/ceip-salvador-espriu-roda\/wp-json\/wp\/v2\/posts\/2435","targetHints":{"allow":["GET"]}}],"collection":[{"href":"https:\/\/agora.xtec.cat\/ceip-salvador-espriu-roda\/wp-json\/wp\/v2\/posts"}],"about":[{"href":"https:\/\/agora.xtec.cat\/ceip-salvador-espriu-roda\/wp-json\/wp\/v2\/types\/post"}],"author":[{"embeddable":true,"href":"https:\/\/agora.xtec.cat\/ceip-salvador-espriu-roda\/wp-json\/wp\/v2\/users\/1"}],"replies":[{"embeddable":true,"href":"https:\/\/agora.xtec.cat\/ceip-salvador-espriu-roda\/wp-json\/wp\/v2\/comments?post=2435"}],"version-history":[{"count":3,"href":"https:\/\/agora.xtec.cat\/ceip-salvador-espriu-roda\/wp-json\/wp\/v2\/posts\/2435\/revisions"}],"predecessor-version":[{"id":2513,"href":"https:\/\/agora.xtec.cat\/ceip-salvador-espriu-roda\/wp-json\/wp\/v2\/posts\/2435\/revisions\/2513"}],"wp:featuredmedia":[{"embeddable":true,"href":"https:\/\/agora.xtec.cat\/ceip-salvador-espriu-roda\/wp-json\/wp\/v2\/media\/2449"}],"wp:attachment":[{"href":"https:\/\/agora.xtec.cat\/ceip-salvador-espriu-roda\/wp-json\/wp\/v2\/media?parent=2435"}],"wp:term":[{"taxonomy":"category","embeddable":true,"href":"https:\/\/agora.xtec.cat\/ceip-salvador-espriu-roda\/wp-json\/wp\/v2\/categories?post=2435"},{"taxonomy":"post_tag","embeddable":true,"href":"https:\/\/agora.xtec.cat\/ceip-salvador-espriu-roda\/wp-json\/wp\/v2\/tags?post=2435"}],"curies":[{"name":"wp","href":"https:\/\/api.w.org\/{rel}","templated":true}]}}