{"id":2375,"date":"2018-06-28T12:34:41","date_gmt":"2018-06-28T10:34:41","guid":{"rendered":"http:\/\/agora.xtec.cat\/ceip-salvador-espriu-roda\/?p=2375"},"modified":"2018-06-28T12:48:37","modified_gmt":"2018-06-28T10:48:37","slug":"educacio-mediambiental-a-6e","status":"publish","type":"post","link":"https:\/\/agora.xtec.cat\/ceip-salvador-espriu-roda\/general\/educacio-mediambiental-a-6e\/","title":{"rendered":"Educaci\u00f3 mediambiental a 6\u00e8"},"content":{"rendered":"<p>La primera quinzena de juny els grups de sis\u00e8 van fer una sortida a la platja, a la zona dels Madalers.<!--more--> Tot i ser un lloc poc valorat o reconegut, \u00e9s una localitzaci\u00f3 cabdal mediambientalment i \u00e9s un testimoni viu de com era el paisatge litoral d\u2019aquesta franja costanera abans de la intervenci\u00f3 humana.<\/p>\n<p>La sortida s\u2019emmarca dintre del programa d\u2019educaci\u00f3 mediambiental i, mentre que altres anys consistia en la recollida de deixalles i posterior classificaci\u00f3, enguany la intervenci\u00f3 s\u2019ha centrat en l\u2019arrencada selectiva d\u2019una planta invasora: \u201cdits de bruixa\u201d (carpobrotus edulis). Aquesta esp\u00e8cie ha esdevingut un problema en moltes zones litorals, d\u2019on no \u00e9s end\u00e8mica, ja que ofega les plantes aut\u00f2ctones i esgota els recursos del s\u00f2l. La seva toler\u00e0ncia a l\u2019aigua salada i a la sequera la fan particularment resistent i dif\u00edcil d\u2019erradicar.<\/p>\n<p><a href=\"https:\/\/photos.app.goo.gl\/H7pGaxGwiuC5XwiD6\"><img loading=\"lazy\" decoding=\"async\" class=\"aligncenter wp-image-2378\" src=\"http:\/\/agora.xtec.cat\/ceip-salvador-espriu-roda\/wp-content\/uploads\/usu1367\/2018\/06\/DSCF0982-1024x719.jpg\" alt=\"\" width=\"968\" height=\"680\" \/><\/a><\/p>\n","protected":false},"excerpt":{"rendered":"<p>La primera quinzena de juny els grups de sis\u00e8 van fer una sortida a la platja, a la zona dels Madalers.<\/p>\n","protected":false},"author":1,"featured_media":2378,"comment_status":"open","ping_status":"closed","sticky":false,"template":"","format":"standard","meta":{"_bbp_topic_count":0,"_bbp_reply_count":0,"_bbp_total_topic_count":0,"_bbp_total_reply_count":0,"_bbp_voice_count":0,"_bbp_anonymous_reply_count":0,"_bbp_topic_count_hidden":0,"_bbp_reply_count_hidden":0,"_bbp_forum_subforum_count":0,"footnotes":""},"categories":[114,126,1,103],"tags":[],"class_list":["post-2375","post","type-post","status-publish","format-standard","has-post-thumbnail","hentry","category-6e","category-educacio-mediambiental","category-general","category-hem-fet-a-escola"],"post_mailing_queue_ids":[],"_links":{"self":[{"href":"https:\/\/agora.xtec.cat\/ceip-salvador-espriu-roda\/wp-json\/wp\/v2\/posts\/2375","targetHints":{"allow":["GET"]}}],"collection":[{"href":"https:\/\/agora.xtec.cat\/ceip-salvador-espriu-roda\/wp-json\/wp\/v2\/posts"}],"about":[{"href":"https:\/\/agora.xtec.cat\/ceip-salvador-espriu-roda\/wp-json\/wp\/v2\/types\/post"}],"author":[{"embeddable":true,"href":"https:\/\/agora.xtec.cat\/ceip-salvador-espriu-roda\/wp-json\/wp\/v2\/users\/1"}],"replies":[{"embeddable":true,"href":"https:\/\/agora.xtec.cat\/ceip-salvador-espriu-roda\/wp-json\/wp\/v2\/comments?post=2375"}],"version-history":[{"count":2,"href":"https:\/\/agora.xtec.cat\/ceip-salvador-espriu-roda\/wp-json\/wp\/v2\/posts\/2375\/revisions"}],"predecessor-version":[{"id":2380,"href":"https:\/\/agora.xtec.cat\/ceip-salvador-espriu-roda\/wp-json\/wp\/v2\/posts\/2375\/revisions\/2380"}],"wp:featuredmedia":[{"embeddable":true,"href":"https:\/\/agora.xtec.cat\/ceip-salvador-espriu-roda\/wp-json\/wp\/v2\/media\/2378"}],"wp:attachment":[{"href":"https:\/\/agora.xtec.cat\/ceip-salvador-espriu-roda\/wp-json\/wp\/v2\/media?parent=2375"}],"wp:term":[{"taxonomy":"category","embeddable":true,"href":"https:\/\/agora.xtec.cat\/ceip-salvador-espriu-roda\/wp-json\/wp\/v2\/categories?post=2375"},{"taxonomy":"post_tag","embeddable":true,"href":"https:\/\/agora.xtec.cat\/ceip-salvador-espriu-roda\/wp-json\/wp\/v2\/tags?post=2375"}],"curies":[{"name":"wp","href":"https:\/\/api.w.org\/{rel}","templated":true}]}}