{"id":2374,"date":"2018-06-28T12:34:45","date_gmt":"2018-06-28T10:34:45","guid":{"rendered":"http:\/\/agora.xtec.cat\/ceip-salvador-espriu-roda\/?p=2374"},"modified":"2018-06-29T17:15:07","modified_gmt":"2018-06-29T15:15:07","slug":"ens-acomiadem-a-les-piscines","status":"publish","type":"post","link":"https:\/\/agora.xtec.cat\/ceip-salvador-espriu-roda\/general\/ens-acomiadem-a-les-piscines\/","title":{"rendered":"Ens acomiadem a les piscines"},"content":{"rendered":"<p>Com ja \u00e9s tradicional, enguany vam celebrar el sopar-comiat a les piscines amb els dos grups de sis\u00e8 que acaben la prim\u00e0ria amb nosaltres.<!--more--><\/p>\n<p>La cita va ser el 14 de juny, dijous, a la tarda, a les piscines municipals. Quan encara llu\u00efa el sol tothom es va poder banyar per fer una mica de gana per al sopar. Cap a les nou tocades vam seure a taula, en el mateix recinte, en companyia de socorrista i mestres. Com que no hav\u00edem tingut prou aigua amb la primera remullada, ens vam tornar a submergir a la piscina fins a les onze, que \u00e9s quan mares i pares van venir a buscar els i les protagonistes de la festa.<\/p>\n<p>La gresca va tenir m\u00e8rit ja que, l\u2019endem\u00e0 era dia d\u2019escola i calia aixecar-se aviat del llit. Val a dir que la majoria va complir amb tot: la festa i l\u2019escola.<a href=\"https:\/\/photos.app.goo.gl\/zgT2rDeCU4RogEr67\"><img loading=\"lazy\" decoding=\"async\" class=\"aligncenter wp-image-2376 size-large\" src=\"http:\/\/agora.xtec.cat\/ceip-salvador-espriu-roda\/wp-content\/uploads\/usu1367\/2018\/06\/DSCF0992-1024x689.jpg\" alt=\"\" width=\"1024\" height=\"689\" srcset=\"https:\/\/agora.xtec.cat\/ceip-salvador-espriu-roda\/wp-content\/uploads\/usu1367\/2018\/06\/DSCF0992-1024x689.jpg 1024w, https:\/\/agora.xtec.cat\/ceip-salvador-espriu-roda\/wp-content\/uploads\/usu1367\/2018\/06\/DSCF0992-300x202.jpg 300w, https:\/\/agora.xtec.cat\/ceip-salvador-espriu-roda\/wp-content\/uploads\/usu1367\/2018\/06\/DSCF0992-768x517.jpg 768w\" sizes=\"auto, (max-width: 1024px) 100vw, 1024px\" \/><\/a><\/p>\n","protected":false},"excerpt":{"rendered":"<p>Com ja \u00e9s tradicional, enguany vam celebrar el sopar-comiat a les piscines amb els dos grups de sis\u00e8 que acaben la prim\u00e0ria amb nosaltres.<\/p>\n","protected":false},"author":1,"featured_media":2376,"comment_status":"open","ping_status":"closed","sticky":false,"template":"","format":"standard","meta":{"_bbp_topic_count":0,"_bbp_reply_count":0,"_bbp_total_topic_count":0,"_bbp_total_reply_count":0,"_bbp_voice_count":0,"_bbp_anonymous_reply_count":0,"_bbp_topic_count_hidden":0,"_bbp_reply_count_hidden":0,"_bbp_forum_subforum_count":0,"footnotes":""},"categories":[114,68,73,1,103,4,108],"tags":[],"class_list":["post-2374","post","type-post","status-publish","format-standard","has-post-thumbnail","hentry","category-6e","category-festes","category-fi-de-curs","category-general","category-hem-fet-a-escola","category-portada","category-primaria"],"post_mailing_queue_ids":[],"_links":{"self":[{"href":"https:\/\/agora.xtec.cat\/ceip-salvador-espriu-roda\/wp-json\/wp\/v2\/posts\/2374","targetHints":{"allow":["GET"]}}],"collection":[{"href":"https:\/\/agora.xtec.cat\/ceip-salvador-espriu-roda\/wp-json\/wp\/v2\/posts"}],"about":[{"href":"https:\/\/agora.xtec.cat\/ceip-salvador-espriu-roda\/wp-json\/wp\/v2\/types\/post"}],"author":[{"embeddable":true,"href":"https:\/\/agora.xtec.cat\/ceip-salvador-espriu-roda\/wp-json\/wp\/v2\/users\/1"}],"replies":[{"embeddable":true,"href":"https:\/\/agora.xtec.cat\/ceip-salvador-espriu-roda\/wp-json\/wp\/v2\/comments?post=2374"}],"version-history":[{"count":2,"href":"https:\/\/agora.xtec.cat\/ceip-salvador-espriu-roda\/wp-json\/wp\/v2\/posts\/2374\/revisions"}],"predecessor-version":[{"id":2396,"href":"https:\/\/agora.xtec.cat\/ceip-salvador-espriu-roda\/wp-json\/wp\/v2\/posts\/2374\/revisions\/2396"}],"wp:featuredmedia":[{"embeddable":true,"href":"https:\/\/agora.xtec.cat\/ceip-salvador-espriu-roda\/wp-json\/wp\/v2\/media\/2376"}],"wp:attachment":[{"href":"https:\/\/agora.xtec.cat\/ceip-salvador-espriu-roda\/wp-json\/wp\/v2\/media?parent=2374"}],"wp:term":[{"taxonomy":"category","embeddable":true,"href":"https:\/\/agora.xtec.cat\/ceip-salvador-espriu-roda\/wp-json\/wp\/v2\/categories?post=2374"},{"taxonomy":"post_tag","embeddable":true,"href":"https:\/\/agora.xtec.cat\/ceip-salvador-espriu-roda\/wp-json\/wp\/v2\/tags?post=2374"}],"curies":[{"name":"wp","href":"https:\/\/api.w.org\/{rel}","templated":true}]}}