{"id":2367,"date":"2018-06-28T12:37:41","date_gmt":"2018-06-28T10:37:41","guid":{"rendered":"http:\/\/agora.xtec.cat\/ceip-salvador-espriu-roda\/?p=2367"},"modified":"2018-06-29T17:14:40","modified_gmt":"2018-06-29T15:14:40","slug":"ens-visita-lescriptora-maite-carranza","status":"publish","type":"post","link":"https:\/\/agora.xtec.cat\/ceip-salvador-espriu-roda\/portada\/ens-visita-lescriptora-maite-carranza\/","title":{"rendered":"Ens visita l&#8217;escriptora Maite Carranza"},"content":{"rendered":"<p>L\u2019\u00faltim dia de maig vam rebre una visita molt especial: Maite Carranza.<!--more--> Potser a alguns de vosaltres no us sona gens, per\u00f2 per als grups de sis\u00e8 t\u00e9 for\u00e7a import\u00e0ncia, ja que \u00e9s l\u2019autora d\u2019un dels dos llibres de lectura a l\u2019aula que fem servir al llarg del curs: \u201cVols ser el n\u00f2vio de la meva germana?\u201d El llibre, de l\u2019editorial Edeb\u00e9, \u00e9s tot un \u00e8xit entre el p\u00fablic adolescent i ja porta moltes reedicions.<\/p>\n<p>No \u00e9s f\u00e0cil que un autor o autora ens visiti. Les sol\u00b7licituds s\u00f3n moltes i cal tenir sort en la tria. Enguany, esgotada la via \u201cconvencional\u201d, fam aprofitar-nos de l\u2019amistat que una mama, la S\u00f2nia Ribas, mantenia amb l\u2019escriptora.<\/p>\n<p>La trobada es va fer al gimn\u00e0s i va ser interessant escoltar com una escriptora desenvolupa la trama d\u2019una hist\u00f2ria des del no res. Les noies i els nois de sis\u00e8 van poder plantejar interrogants a l\u2019escriptora. Unes preguntes que havien preparat pr\u00e8viament a la classe i que sorgien un cop llegida la novel\u00b7la.<\/p>\n<p>Cal recon\u00e8ixer l\u2019esfor\u00e7 de la Maite Carranza en venir a Roda. Un esfor\u00e7 desinteressat que li agra\u00efm i que va necessitar quadrar agendes, ja que les dates, en un principi, no eren v\u00e0lides per les dues parts. L\u2019escola va obsequiar l\u2019escriptora amb un petit detall refrescant.<\/p>\n<p><a href=\"http:\/\/agora.xtec.cat\/ceip-salvador-espriu-roda\/wp-content\/uploads\/usu1367\/2018\/06\/DSCF0958.jpg\"><img loading=\"lazy\" decoding=\"async\" class=\"aligncenter size-large wp-image-2369\" src=\"http:\/\/agora.xtec.cat\/ceip-salvador-espriu-roda\/wp-content\/uploads\/usu1367\/2018\/06\/DSCF0958-935x1024.jpg\" alt=\"\" width=\"935\" height=\"1024\" srcset=\"https:\/\/agora.xtec.cat\/ceip-salvador-espriu-roda\/wp-content\/uploads\/usu1367\/2018\/06\/DSCF0958-935x1024.jpg 935w, https:\/\/agora.xtec.cat\/ceip-salvador-espriu-roda\/wp-content\/uploads\/usu1367\/2018\/06\/DSCF0958-274x300.jpg 274w, https:\/\/agora.xtec.cat\/ceip-salvador-espriu-roda\/wp-content\/uploads\/usu1367\/2018\/06\/DSCF0958-768x841.jpg 768w\" sizes=\"auto, (max-width: 935px) 100vw, 935px\" \/><\/a> <a href=\"http:\/\/agora.xtec.cat\/ceip-salvador-espriu-roda\/wp-content\/uploads\/usu1367\/2018\/06\/DSCF0950.jpg\"><img loading=\"lazy\" decoding=\"async\" class=\"aligncenter wp-image-2370\" src=\"http:\/\/agora.xtec.cat\/ceip-salvador-espriu-roda\/wp-content\/uploads\/usu1367\/2018\/06\/DSCF0950-1024x768.jpg\" alt=\"\" width=\"946\" height=\"709\" srcset=\"https:\/\/agora.xtec.cat\/ceip-salvador-espriu-roda\/wp-content\/uploads\/usu1367\/2018\/06\/DSCF0950-1024x768.jpg 1024w, https:\/\/agora.xtec.cat\/ceip-salvador-espriu-roda\/wp-content\/uploads\/usu1367\/2018\/06\/DSCF0950-300x225.jpg 300w, https:\/\/agora.xtec.cat\/ceip-salvador-espriu-roda\/wp-content\/uploads\/usu1367\/2018\/06\/DSCF0950-768x576.jpg 768w, https:\/\/agora.xtec.cat\/ceip-salvador-espriu-roda\/wp-content\/uploads\/usu1367\/2018\/06\/DSCF0950-200x150.jpg 200w\" sizes=\"auto, (max-width: 946px) 100vw, 946px\" \/><\/a> <a href=\"http:\/\/agora.xtec.cat\/ceip-salvador-espriu-roda\/wp-content\/uploads\/usu1367\/2018\/06\/DSCF0952.jpg\"><img loading=\"lazy\" decoding=\"async\" class=\"aligncenter wp-image-2371\" src=\"http:\/\/agora.xtec.cat\/ceip-salvador-espriu-roda\/wp-content\/uploads\/usu1367\/2018\/06\/DSCF0952-1024x768.jpg\" alt=\"\" width=\"956\" height=\"717\" srcset=\"https:\/\/agora.xtec.cat\/ceip-salvador-espriu-roda\/wp-content\/uploads\/usu1367\/2018\/06\/DSCF0952-1024x768.jpg 1024w, https:\/\/agora.xtec.cat\/ceip-salvador-espriu-roda\/wp-content\/uploads\/usu1367\/2018\/06\/DSCF0952-300x225.jpg 300w, https:\/\/agora.xtec.cat\/ceip-salvador-espriu-roda\/wp-content\/uploads\/usu1367\/2018\/06\/DSCF0952-768x576.jpg 768w, https:\/\/agora.xtec.cat\/ceip-salvador-espriu-roda\/wp-content\/uploads\/usu1367\/2018\/06\/DSCF0952-200x150.jpg 200w\" sizes=\"auto, (max-width: 956px) 100vw, 956px\" \/><\/a> <a href=\"http:\/\/agora.xtec.cat\/ceip-salvador-espriu-roda\/wp-content\/uploads\/usu1367\/2018\/06\/DSCF0954.jpg\"><img loading=\"lazy\" decoding=\"async\" class=\"aligncenter size-large wp-image-2372\" src=\"http:\/\/agora.xtec.cat\/ceip-salvador-espriu-roda\/wp-content\/uploads\/usu1367\/2018\/06\/DSCF0954-955x1024.jpg\" alt=\"\" width=\"955\" height=\"1024\" srcset=\"https:\/\/agora.xtec.cat\/ceip-salvador-espriu-roda\/wp-content\/uploads\/usu1367\/2018\/06\/DSCF0954-955x1024.jpg 955w, https:\/\/agora.xtec.cat\/ceip-salvador-espriu-roda\/wp-content\/uploads\/usu1367\/2018\/06\/DSCF0954-280x300.jpg 280w, https:\/\/agora.xtec.cat\/ceip-salvador-espriu-roda\/wp-content\/uploads\/usu1367\/2018\/06\/DSCF0954-768x824.jpg 768w\" sizes=\"auto, (max-width: 955px) 100vw, 955px\" \/><\/a><\/p>\n","protected":false},"excerpt":{"rendered":"<p>L\u2019\u00faltim dia de maig vam rebre una visita molt especial: Maite Carranza.<\/p>\n","protected":false},"author":1,"featured_media":2372,"comment_status":"open","ping_status":"closed","sticky":false,"template":"","format":"standard","meta":{"_bbp_topic_count":0,"_bbp_reply_count":0,"_bbp_total_topic_count":0,"_bbp_total_reply_count":0,"_bbp_voice_count":0,"_bbp_anonymous_reply_count":0,"_bbp_topic_count_hidden":0,"_bbp_reply_count_hidden":0,"_bbp_forum_subforum_count":0,"footnotes":""},"categories":[114,4,108],"tags":[],"class_list":["post-2367","post","type-post","status-publish","format-standard","has-post-thumbnail","hentry","category-6e","category-portada","category-primaria"],"post_mailing_queue_ids":[],"_links":{"self":[{"href":"https:\/\/agora.xtec.cat\/ceip-salvador-espriu-roda\/wp-json\/wp\/v2\/posts\/2367","targetHints":{"allow":["GET"]}}],"collection":[{"href":"https:\/\/agora.xtec.cat\/ceip-salvador-espriu-roda\/wp-json\/wp\/v2\/posts"}],"about":[{"href":"https:\/\/agora.xtec.cat\/ceip-salvador-espriu-roda\/wp-json\/wp\/v2\/types\/post"}],"author":[{"embeddable":true,"href":"https:\/\/agora.xtec.cat\/ceip-salvador-espriu-roda\/wp-json\/wp\/v2\/users\/1"}],"replies":[{"embeddable":true,"href":"https:\/\/agora.xtec.cat\/ceip-salvador-espriu-roda\/wp-json\/wp\/v2\/comments?post=2367"}],"version-history":[{"count":3,"href":"https:\/\/agora.xtec.cat\/ceip-salvador-espriu-roda\/wp-json\/wp\/v2\/posts\/2367\/revisions"}],"predecessor-version":[{"id":2395,"href":"https:\/\/agora.xtec.cat\/ceip-salvador-espriu-roda\/wp-json\/wp\/v2\/posts\/2367\/revisions\/2395"}],"wp:featuredmedia":[{"embeddable":true,"href":"https:\/\/agora.xtec.cat\/ceip-salvador-espriu-roda\/wp-json\/wp\/v2\/media\/2372"}],"wp:attachment":[{"href":"https:\/\/agora.xtec.cat\/ceip-salvador-espriu-roda\/wp-json\/wp\/v2\/media?parent=2367"}],"wp:term":[{"taxonomy":"category","embeddable":true,"href":"https:\/\/agora.xtec.cat\/ceip-salvador-espriu-roda\/wp-json\/wp\/v2\/categories?post=2367"},{"taxonomy":"post_tag","embeddable":true,"href":"https:\/\/agora.xtec.cat\/ceip-salvador-espriu-roda\/wp-json\/wp\/v2\/tags?post=2367"}],"curies":[{"name":"wp","href":"https:\/\/api.w.org\/{rel}","templated":true}]}}