{"id":2357,"date":"2018-06-28T12:48:49","date_gmt":"2018-06-28T10:48:49","guid":{"rendered":"http:\/\/agora.xtec.cat\/ceip-salvador-espriu-roda\/?p=2357"},"modified":"2018-06-29T10:59:43","modified_gmt":"2018-06-29T08:59:43","slug":"ens-visiten-els-diables-de-roda","status":"publish","type":"post","link":"https:\/\/agora.xtec.cat\/ceip-salvador-espriu-roda\/portada\/ens-visiten-els-diables-de-roda\/","title":{"rendered":"Ens visiten els diables de Roda!"},"content":{"rendered":"<p>Amb les revetlles a la cantonada i alguns petards que ja se senten cap al tard, ens ve de gust rebre la visita dels Diables de Roda. <!--more-->Cada any, cap a final de curs (enguany va ser el 12 de juny), les \u201cforces infernals\u201d visiten les classes de sis\u00e8 i ens fan un dec\u00e0leg de bones pr\u00e0ctiques en la manipulaci\u00f3 del material pirot\u00e8cnic. Tot un seguit de recomanacions i consells que cal tenir en compte per tal de gaudir plenament d\u2019un sant Joan i un sant Pere amb la m\u00e0xima seguretat possible.<\/p>\n<p>Totes aquestes indicacions te\u00f2riques, que es van fer a les aules, van tenir continu\u00eftat al pati: enceses de carretilles, de traques, de coets, de trons&#8230;, amb la participaci\u00f3 directa dels nois i noies de sis\u00e8.<\/p>\n<p><a href=\"https:\/\/photos.app.goo.gl\/1hDQ1JDpmsMJgbv19\"><img loading=\"lazy\" decoding=\"async\" class=\"aligncenter wp-image-2358\" src=\"http:\/\/agora.xtec.cat\/ceip-salvador-espriu-roda\/wp-content\/uploads\/usu1367\/2018\/06\/06118935-684x1024.jpg\" alt=\"\" width=\"518\" height=\"775\" srcset=\"https:\/\/agora.xtec.cat\/ceip-salvador-espriu-roda\/wp-content\/uploads\/usu1367\/2018\/06\/06118935-684x1024.jpg 684w, https:\/\/agora.xtec.cat\/ceip-salvador-espriu-roda\/wp-content\/uploads\/usu1367\/2018\/06\/06118935-200x300.jpg 200w, https:\/\/agora.xtec.cat\/ceip-salvador-espriu-roda\/wp-content\/uploads\/usu1367\/2018\/06\/06118935-768x1149.jpg 768w, https:\/\/agora.xtec.cat\/ceip-salvador-espriu-roda\/wp-content\/uploads\/usu1367\/2018\/06\/06118935.jpg 2011w\" sizes=\"auto, (max-width: 518px) 100vw, 518px\" \/><\/a><\/p>\n","protected":false},"excerpt":{"rendered":"<p>Amb les revetlles a la cantonada i alguns petards que ja se senten cap al tard, ens ve de gust rebre la visita dels Diables de Roda. <\/p>\n","protected":false},"author":1,"featured_media":2358,"comment_status":"open","ping_status":"closed","sticky":false,"template":"","format":"standard","meta":{"_bbp_topic_count":0,"_bbp_reply_count":0,"_bbp_total_topic_count":0,"_bbp_total_reply_count":0,"_bbp_voice_count":0,"_bbp_anonymous_reply_count":0,"_bbp_topic_count_hidden":0,"_bbp_reply_count_hidden":0,"_bbp_forum_subforum_count":0,"footnotes":""},"categories":[114,103,4,108],"tags":[],"class_list":["post-2357","post","type-post","status-publish","format-standard","has-post-thumbnail","hentry","category-6e","category-hem-fet-a-escola","category-portada","category-primaria"],"post_mailing_queue_ids":[],"_links":{"self":[{"href":"https:\/\/agora.xtec.cat\/ceip-salvador-espriu-roda\/wp-json\/wp\/v2\/posts\/2357","targetHints":{"allow":["GET"]}}],"collection":[{"href":"https:\/\/agora.xtec.cat\/ceip-salvador-espriu-roda\/wp-json\/wp\/v2\/posts"}],"about":[{"href":"https:\/\/agora.xtec.cat\/ceip-salvador-espriu-roda\/wp-json\/wp\/v2\/types\/post"}],"author":[{"embeddable":true,"href":"https:\/\/agora.xtec.cat\/ceip-salvador-espriu-roda\/wp-json\/wp\/v2\/users\/1"}],"replies":[{"embeddable":true,"href":"https:\/\/agora.xtec.cat\/ceip-salvador-espriu-roda\/wp-json\/wp\/v2\/comments?post=2357"}],"version-history":[{"count":2,"href":"https:\/\/agora.xtec.cat\/ceip-salvador-espriu-roda\/wp-json\/wp\/v2\/posts\/2357\/revisions"}],"predecessor-version":[{"id":2391,"href":"https:\/\/agora.xtec.cat\/ceip-salvador-espriu-roda\/wp-json\/wp\/v2\/posts\/2357\/revisions\/2391"}],"wp:featuredmedia":[{"embeddable":true,"href":"https:\/\/agora.xtec.cat\/ceip-salvador-espriu-roda\/wp-json\/wp\/v2\/media\/2358"}],"wp:attachment":[{"href":"https:\/\/agora.xtec.cat\/ceip-salvador-espriu-roda\/wp-json\/wp\/v2\/media?parent=2357"}],"wp:term":[{"taxonomy":"category","embeddable":true,"href":"https:\/\/agora.xtec.cat\/ceip-salvador-espriu-roda\/wp-json\/wp\/v2\/categories?post=2357"},{"taxonomy":"post_tag","embeddable":true,"href":"https:\/\/agora.xtec.cat\/ceip-salvador-espriu-roda\/wp-json\/wp\/v2\/tags?post=2357"}],"curies":[{"name":"wp","href":"https:\/\/api.w.org\/{rel}","templated":true}]}}