{"id":2319,"date":"2018-06-26T13:30:25","date_gmt":"2018-06-26T11:30:25","guid":{"rendered":"http:\/\/agora.xtec.cat\/ceip-salvador-espriu-roda\/?p=2319"},"modified":"2018-06-29T17:15:30","modified_gmt":"2018-06-29T15:15:30","slug":"receptes-a-cicle-superior","status":"publish","type":"post","link":"https:\/\/agora.xtec.cat\/ceip-salvador-espriu-roda\/portada\/receptes-a-cicle-superior\/","title":{"rendered":"Receptes a cicle superior"},"content":{"rendered":"<p>Estem molt orgullosos dels nostres alumnes de Cicle Superior, que durant aquest \u00faltim mes de curs, a classe d\u2019angl\u00e8s, han cuinat un grapat de receptes molt interessants. <!--more-->Per\u00f2 no nom\u00e9s aix\u00f2, sin\u00f3 que tamb\u00e9 ens les han presentat a classe, i tot en angl\u00e8s, \u00e9s clar!<\/p>\n<p>Ens ho hem passat molt b\u00e9 escoltant els treballs dels companys\/es, veient el proc\u00e9s i els resultats, per\u00f2 sobretot&#8230; cruspint-nos les del\u00edcies que ens oferien.<\/p>\n<p>Han estat treballs realment bonics i tots diferents. Hem pogut observar i comentar diferents estils i formes de treballar mitjan\u00e7ant power-point, cartolines, fotografies, v\u00eddeos, cuinant a classe&#8230; i un llarg etc\u00e8tera.<\/p>\n<p>Enhorabona nois\/es i gr\u00e0cies per tantes exposicions boniques!<\/p>\n<p><a href=\"https:\/\/photos.app.goo.gl\/4wUh57uaY3UxDZMp7\"><img loading=\"lazy\" decoding=\"async\" class=\"aligncenter wp-image-2320\" src=\"http:\/\/agora.xtec.cat\/ceip-salvador-espriu-roda\/wp-content\/uploads\/usu1367\/2018\/06\/13-1024x535.jpg\" alt=\"\" width=\"614\" height=\"321\" srcset=\"https:\/\/agora.xtec.cat\/ceip-salvador-espriu-roda\/wp-content\/uploads\/usu1367\/2018\/06\/13-1024x535.jpg 1024w, https:\/\/agora.xtec.cat\/ceip-salvador-espriu-roda\/wp-content\/uploads\/usu1367\/2018\/06\/13-300x157.jpg 300w, https:\/\/agora.xtec.cat\/ceip-salvador-espriu-roda\/wp-content\/uploads\/usu1367\/2018\/06\/13-768x401.jpg 768w\" sizes=\"auto, (max-width: 614px) 100vw, 614px\" \/><\/a><\/p>\n","protected":false},"excerpt":{"rendered":"<p>Estem molt orgullosos dels nostres alumnes de Cicle Superior, que durant aquest \u00faltim mes de curs, a classe d\u2019angl\u00e8s, han cuinat un grapat de receptes molt interessants. <\/p>\n","protected":false},"author":1,"featured_media":2320,"comment_status":"open","ping_status":"closed","sticky":false,"template":"","format":"standard","meta":{"_bbp_topic_count":0,"_bbp_reply_count":0,"_bbp_total_topic_count":0,"_bbp_total_reply_count":0,"_bbp_voice_count":0,"_bbp_anonymous_reply_count":0,"_bbp_topic_count_hidden":0,"_bbp_reply_count_hidden":0,"_bbp_forum_subforum_count":0,"footnotes":""},"categories":[113,114,103,4,108],"tags":[],"class_list":["post-2319","post","type-post","status-publish","format-standard","has-post-thumbnail","hentry","category-5e","category-6e","category-hem-fet-a-escola","category-portada","category-primaria"],"post_mailing_queue_ids":[],"_links":{"self":[{"href":"https:\/\/agora.xtec.cat\/ceip-salvador-espriu-roda\/wp-json\/wp\/v2\/posts\/2319","targetHints":{"allow":["GET"]}}],"collection":[{"href":"https:\/\/agora.xtec.cat\/ceip-salvador-espriu-roda\/wp-json\/wp\/v2\/posts"}],"about":[{"href":"https:\/\/agora.xtec.cat\/ceip-salvador-espriu-roda\/wp-json\/wp\/v2\/types\/post"}],"author":[{"embeddable":true,"href":"https:\/\/agora.xtec.cat\/ceip-salvador-espriu-roda\/wp-json\/wp\/v2\/users\/1"}],"replies":[{"embeddable":true,"href":"https:\/\/agora.xtec.cat\/ceip-salvador-espriu-roda\/wp-json\/wp\/v2\/comments?post=2319"}],"version-history":[{"count":2,"href":"https:\/\/agora.xtec.cat\/ceip-salvador-espriu-roda\/wp-json\/wp\/v2\/posts\/2319\/revisions"}],"predecessor-version":[{"id":2397,"href":"https:\/\/agora.xtec.cat\/ceip-salvador-espriu-roda\/wp-json\/wp\/v2\/posts\/2319\/revisions\/2397"}],"wp:featuredmedia":[{"embeddable":true,"href":"https:\/\/agora.xtec.cat\/ceip-salvador-espriu-roda\/wp-json\/wp\/v2\/media\/2320"}],"wp:attachment":[{"href":"https:\/\/agora.xtec.cat\/ceip-salvador-espriu-roda\/wp-json\/wp\/v2\/media?parent=2319"}],"wp:term":[{"taxonomy":"category","embeddable":true,"href":"https:\/\/agora.xtec.cat\/ceip-salvador-espriu-roda\/wp-json\/wp\/v2\/categories?post=2319"},{"taxonomy":"post_tag","embeddable":true,"href":"https:\/\/agora.xtec.cat\/ceip-salvador-espriu-roda\/wp-json\/wp\/v2\/tags?post=2319"}],"curies":[{"name":"wp","href":"https:\/\/api.w.org\/{rel}","templated":true}]}}