{"id":2264,"date":"2018-06-18T09:30:28","date_gmt":"2018-06-18T07:30:28","guid":{"rendered":"http:\/\/agora.xtec.cat\/ceip-salvador-espriu-roda\/?p=2264"},"modified":"2018-06-28T11:53:37","modified_gmt":"2018-06-28T09:53:37","slug":"fem-teatre-a-5e","status":"publish","type":"post","link":"https:\/\/agora.xtec.cat\/ceip-salvador-espriu-roda\/portada\/fem-teatre-a-5e\/","title":{"rendered":"Fem teatre a 5\u00e8"},"content":{"rendered":"<p>Durant aquest trimestre la majoria de nens i nenes de 5\u00e8 hem intentat dur a terme una petita obra de teatre del llibre de catal\u00e0.<!--more--><\/p>\n<p>Ha sigut un\u00a0treball\u00a0divertit per\u00f2 que dona molta feina:\u00a0fabricar\u00a0el decorat, confeccionar\u00a0el nostre vestuari, aprendre de mem\u00f2ria els papers, coordina els moviments&#8230; Nom\u00e9s ha sigut una obra de 4 minuts per\u00f2 ens ho hem passat molt b\u00e9.<\/p>\n<p>Un deixem una petita mostra d&#8217;imatges on\u00a0podeu gaudir de tot el proc\u00e9s i encara que sabem que el resultat es pot millorar, estem molt orgullosos de la nostra feina.<\/p>\n<p><a href=\"https:\/\/photos.app.goo.gl\/Se65PABCg5ZQzwkf9\"><img loading=\"lazy\" decoding=\"async\" class=\"aligncenter wp-image-2265\" src=\"http:\/\/agora.xtec.cat\/ceip-salvador-espriu-roda\/wp-content\/uploads\/usu1367\/2018\/06\/20180613_102519-1024x768.jpg\" alt=\"\" width=\"646\" height=\"485\" \/><\/a><\/p>\n","protected":false},"excerpt":{"rendered":"<p>Durant aquest trimestre la majoria de nens i nenes de 5\u00e8 hem intentat dur a terme una petita obra de teatre del llibre de catal\u00e0.<\/p>\n","protected":false},"author":1,"featured_media":2265,"comment_status":"open","ping_status":"closed","sticky":false,"template":"","format":"standard","meta":{"_bbp_topic_count":0,"_bbp_reply_count":0,"_bbp_total_topic_count":0,"_bbp_total_reply_count":0,"_bbp_voice_count":0,"_bbp_anonymous_reply_count":0,"_bbp_topic_count_hidden":0,"_bbp_reply_count_hidden":0,"_bbp_forum_subforum_count":0,"footnotes":""},"categories":[113,103,4,108],"tags":[],"class_list":["post-2264","post","type-post","status-publish","format-standard","has-post-thumbnail","hentry","category-5e","category-hem-fet-a-escola","category-portada","category-primaria"],"post_mailing_queue_ids":[],"_links":{"self":[{"href":"https:\/\/agora.xtec.cat\/ceip-salvador-espriu-roda\/wp-json\/wp\/v2\/posts\/2264","targetHints":{"allow":["GET"]}}],"collection":[{"href":"https:\/\/agora.xtec.cat\/ceip-salvador-espriu-roda\/wp-json\/wp\/v2\/posts"}],"about":[{"href":"https:\/\/agora.xtec.cat\/ceip-salvador-espriu-roda\/wp-json\/wp\/v2\/types\/post"}],"author":[{"embeddable":true,"href":"https:\/\/agora.xtec.cat\/ceip-salvador-espriu-roda\/wp-json\/wp\/v2\/users\/1"}],"replies":[{"embeddable":true,"href":"https:\/\/agora.xtec.cat\/ceip-salvador-espriu-roda\/wp-json\/wp\/v2\/comments?post=2264"}],"version-history":[{"count":3,"href":"https:\/\/agora.xtec.cat\/ceip-salvador-espriu-roda\/wp-json\/wp\/v2\/posts\/2264\/revisions"}],"predecessor-version":[{"id":2271,"href":"https:\/\/agora.xtec.cat\/ceip-salvador-espriu-roda\/wp-json\/wp\/v2\/posts\/2264\/revisions\/2271"}],"wp:featuredmedia":[{"embeddable":true,"href":"https:\/\/agora.xtec.cat\/ceip-salvador-espriu-roda\/wp-json\/wp\/v2\/media\/2265"}],"wp:attachment":[{"href":"https:\/\/agora.xtec.cat\/ceip-salvador-espriu-roda\/wp-json\/wp\/v2\/media?parent=2264"}],"wp:term":[{"taxonomy":"category","embeddable":true,"href":"https:\/\/agora.xtec.cat\/ceip-salvador-espriu-roda\/wp-json\/wp\/v2\/categories?post=2264"},{"taxonomy":"post_tag","embeddable":true,"href":"https:\/\/agora.xtec.cat\/ceip-salvador-espriu-roda\/wp-json\/wp\/v2\/tags?post=2264"}],"curies":[{"name":"wp","href":"https:\/\/api.w.org\/{rel}","templated":true}]}}