{"id":2233,"date":"2018-06-07T14:20:07","date_gmt":"2018-06-07T12:20:07","guid":{"rendered":"http:\/\/agora.xtec.cat\/ceip-salvador-espriu-roda\/?p=2233"},"modified":"2018-06-18T09:36:37","modified_gmt":"2018-06-18T07:36:37","slug":"educacio-viaria-a-5e","status":"publish","type":"post","link":"https:\/\/agora.xtec.cat\/ceip-salvador-espriu-roda\/general\/educacio-viaria-a-5e\/","title":{"rendered":"Educaci\u00f3 viaria a 5\u00e8"},"content":{"rendered":"<p>Com cada any, els alumnes de 5\u00e8 hem fet dues sessions d&#8217;educaci\u00f3 vi\u00e0ria. <!--more-->La primera va ser te\u00f2rica, a l&#8217;aula, amb les explicacions del nostre policia local preferit, en Javier. La segona va ser al pati de l&#8217;escola i vam poder practicar les normes de circulaci\u00f3 amb les nostres bicicletes.<a href=\"https:\/\/photos.app.goo.gl\/g9mP1jPxLiDME9Ck2\"><img loading=\"lazy\" decoding=\"async\" class=\"aligncenter wp-image-2234\" src=\"http:\/\/agora.xtec.cat\/ceip-salvador-espriu-roda\/wp-content\/uploads\/usu1367\/2018\/05\/ev-11-1024x622.jpg\" alt=\"\" width=\"863\" height=\"524\" \/><\/a><\/p>\n<p>&nbsp;<\/p>\n","protected":false},"excerpt":{"rendered":"<p>Com cada any, els alumnes de 5\u00e8 hem fet dues sessions d&#8217;educaci\u00f3 vi\u00e0ria. <\/p>\n","protected":false},"author":1,"featured_media":2234,"comment_status":"open","ping_status":"closed","sticky":false,"template":"","format":"standard","meta":{"_bbp_topic_count":0,"_bbp_reply_count":0,"_bbp_total_topic_count":0,"_bbp_total_reply_count":0,"_bbp_voice_count":0,"_bbp_anonymous_reply_count":0,"_bbp_topic_count_hidden":0,"_bbp_reply_count_hidden":0,"_bbp_forum_subforum_count":0,"footnotes":""},"categories":[113,69,1,103,4,108,77],"tags":[],"class_list":["post-2233","post","type-post","status-publish","format-standard","has-post-thumbnail","hentry","category-5e","category-educacio-viaria","category-general","category-hem-fet-a-escola","category-portada","category-primaria","category-projectes"],"post_mailing_queue_ids":[],"_links":{"self":[{"href":"https:\/\/agora.xtec.cat\/ceip-salvador-espriu-roda\/wp-json\/wp\/v2\/posts\/2233","targetHints":{"allow":["GET"]}}],"collection":[{"href":"https:\/\/agora.xtec.cat\/ceip-salvador-espriu-roda\/wp-json\/wp\/v2\/posts"}],"about":[{"href":"https:\/\/agora.xtec.cat\/ceip-salvador-espriu-roda\/wp-json\/wp\/v2\/types\/post"}],"author":[{"embeddable":true,"href":"https:\/\/agora.xtec.cat\/ceip-salvador-espriu-roda\/wp-json\/wp\/v2\/users\/1"}],"replies":[{"embeddable":true,"href":"https:\/\/agora.xtec.cat\/ceip-salvador-espriu-roda\/wp-json\/wp\/v2\/comments?post=2233"}],"version-history":[{"count":3,"href":"https:\/\/agora.xtec.cat\/ceip-salvador-espriu-roda\/wp-json\/wp\/v2\/posts\/2233\/revisions"}],"predecessor-version":[{"id":2283,"href":"https:\/\/agora.xtec.cat\/ceip-salvador-espriu-roda\/wp-json\/wp\/v2\/posts\/2233\/revisions\/2283"}],"wp:featuredmedia":[{"embeddable":true,"href":"https:\/\/agora.xtec.cat\/ceip-salvador-espriu-roda\/wp-json\/wp\/v2\/media\/2234"}],"wp:attachment":[{"href":"https:\/\/agora.xtec.cat\/ceip-salvador-espriu-roda\/wp-json\/wp\/v2\/media?parent=2233"}],"wp:term":[{"taxonomy":"category","embeddable":true,"href":"https:\/\/agora.xtec.cat\/ceip-salvador-espriu-roda\/wp-json\/wp\/v2\/categories?post=2233"},{"taxonomy":"post_tag","embeddable":true,"href":"https:\/\/agora.xtec.cat\/ceip-salvador-espriu-roda\/wp-json\/wp\/v2\/tags?post=2233"}],"curies":[{"name":"wp","href":"https:\/\/api.w.org\/{rel}","templated":true}]}}