{"id":2229,"date":"2018-05-31T13:01:02","date_gmt":"2018-05-31T11:01:02","guid":{"rendered":"http:\/\/agora.xtec.cat\/ceip-salvador-espriu-roda\/?p=2229"},"modified":"2018-06-18T09:32:06","modified_gmt":"2018-06-18T07:32:06","slug":"aixo-es-bufar-i-fer-bombolles","status":"publish","type":"post","link":"https:\/\/agora.xtec.cat\/ceip-salvador-espriu-roda\/general\/aixo-es-bufar-i-fer-bombolles\/","title":{"rendered":"Aix\u00f2 \u00e9s bufar&#8230; i fer bombolles!"},"content":{"rendered":"<p>A la classe de descoberta, les nenes i els nens dels conills, les ovelles, els peixos i els dinosaures hem experimentat fent bombolles de sab\u00f3.<!--more--><\/p>\n<p>Primer hem observat que si posem aigua en un got i bufem amb una canyeta surten bombolles d\u2019aire, per\u00f2 desapareixen r\u00e0pidament. Despr\u00e9s hem observat que si posem aigua i sab\u00f3 i bufem surten moltes bombolles que duren molt.<\/p>\n<p>Finalment hem afegit colorant a l\u2019aigua i ens han sortit bombolles de color superxules.<\/p>\n<p>Mireu, mireu qu\u00e8 b\u00e9 ens ho hem passat\u2026<\/p>\n<p><a href=\"https:\/\/photos.app.goo.gl\/3MZVtIsB0Qkpnxqm2\"><img loading=\"lazy\" decoding=\"async\" class=\"aligncenter wp-image-2230\" src=\"http:\/\/agora.xtec.cat\/ceip-salvador-espriu-roda\/wp-content\/uploads\/usu1367\/2018\/05\/IMG_20180522_103036_BURST5-768x1024.jpg\" alt=\"\" width=\"361\" height=\"482\" srcset=\"https:\/\/agora.xtec.cat\/ceip-salvador-espriu-roda\/wp-content\/uploads\/usu1367\/2018\/05\/IMG_20180522_103036_BURST5-768x1024.jpg 768w, https:\/\/agora.xtec.cat\/ceip-salvador-espriu-roda\/wp-content\/uploads\/usu1367\/2018\/05\/IMG_20180522_103036_BURST5-225x300.jpg 225w\" sizes=\"auto, (max-width: 361px) 100vw, 361px\" \/><\/a><\/p>\n","protected":false},"excerpt":{"rendered":"<p>A la classe de descoberta, les nenes i els nens dels conills, les ovelles, els peixos i els dinosaures hem experimentat fent bombolles de sab\u00f3.<\/p>\n","protected":false},"author":1,"featured_media":2230,"comment_status":"open","ping_status":"closed","sticky":false,"template":"","format":"standard","meta":{"_bbp_topic_count":0,"_bbp_reply_count":0,"_bbp_total_topic_count":0,"_bbp_total_reply_count":0,"_bbp_voice_count":0,"_bbp_anonymous_reply_count":0,"_bbp_topic_count_hidden":0,"_bbp_reply_count_hidden":0,"_bbp_forum_subforum_count":0,"footnotes":""},"categories":[65,1,103,105,106,104,4,77],"tags":[],"class_list":["post-2229","post","type-post","status-publish","format-standard","has-post-thumbnail","hentry","category-descoberta-3-6","category-general","category-hem-fet-a-escola","category-i3","category-i4","category-infantil","category-portada","category-projectes"],"post_mailing_queue_ids":[],"_links":{"self":[{"href":"https:\/\/agora.xtec.cat\/ceip-salvador-espriu-roda\/wp-json\/wp\/v2\/posts\/2229","targetHints":{"allow":["GET"]}}],"collection":[{"href":"https:\/\/agora.xtec.cat\/ceip-salvador-espriu-roda\/wp-json\/wp\/v2\/posts"}],"about":[{"href":"https:\/\/agora.xtec.cat\/ceip-salvador-espriu-roda\/wp-json\/wp\/v2\/types\/post"}],"author":[{"embeddable":true,"href":"https:\/\/agora.xtec.cat\/ceip-salvador-espriu-roda\/wp-json\/wp\/v2\/users\/1"}],"replies":[{"embeddable":true,"href":"https:\/\/agora.xtec.cat\/ceip-salvador-espriu-roda\/wp-json\/wp\/v2\/comments?post=2229"}],"version-history":[{"count":2,"href":"https:\/\/agora.xtec.cat\/ceip-salvador-espriu-roda\/wp-json\/wp\/v2\/posts\/2229\/revisions"}],"predecessor-version":[{"id":2273,"href":"https:\/\/agora.xtec.cat\/ceip-salvador-espriu-roda\/wp-json\/wp\/v2\/posts\/2229\/revisions\/2273"}],"wp:featuredmedia":[{"embeddable":true,"href":"https:\/\/agora.xtec.cat\/ceip-salvador-espriu-roda\/wp-json\/wp\/v2\/media\/2230"}],"wp:attachment":[{"href":"https:\/\/agora.xtec.cat\/ceip-salvador-espriu-roda\/wp-json\/wp\/v2\/media?parent=2229"}],"wp:term":[{"taxonomy":"category","embeddable":true,"href":"https:\/\/agora.xtec.cat\/ceip-salvador-espriu-roda\/wp-json\/wp\/v2\/categories?post=2229"},{"taxonomy":"post_tag","embeddable":true,"href":"https:\/\/agora.xtec.cat\/ceip-salvador-espriu-roda\/wp-json\/wp\/v2\/tags?post=2229"}],"curies":[{"name":"wp","href":"https:\/\/api.w.org\/{rel}","templated":true}]}}