{"id":2226,"date":"2018-05-31T13:00:35","date_gmt":"2018-05-31T11:00:35","guid":{"rendered":"http:\/\/agora.xtec.cat\/ceip-salvador-espriu-roda\/?p=2226"},"modified":"2018-06-18T09:32:32","modified_gmt":"2018-06-18T07:32:32","slug":"els-dracs-anem-a-lhort-de-la-sinia","status":"publish","type":"post","link":"https:\/\/agora.xtec.cat\/ceip-salvador-espriu-roda\/general\/els-dracs-anem-a-lhort-de-la-sinia\/","title":{"rendered":"Els dracs anem a l&#8217;Hort de la S\u00ednia!"},"content":{"rendered":"<p>Els dracs de P5 no parem!!!! Divendres 25 de maig tamb\u00e9 vam sortir. Vam anar a l\u2019hort de la s\u00ednia, a Altafulla.<!--more--><\/p>\n<p>Vam realizar activitats al voltant del m\u00f3n de les abelles, que \u00e9s el tema que estem treballant. Vam poder mirar un documental molt interessant, ens van ensenyar totes les eines dels apicultors, vam veure un rusc (protegit darrera un vidre, per no molestar les abelles), ens vam vestir d\u2019apicultors, vam tastar diferents tipus de mel i fins i tot vam fer una espelma.<\/p>\n<p>Ens ho vam pasar molt b\u00e9 a l\u2019hort. I per acabar un dia rod\u00f3, despr\u00e9s de dinar, les senyos ens van portar a la platja i ens vam divertir molt\u00edssim!!!<\/p>\n<p>Aqu\u00ed us deixem unes fotos perqu\u00e8 veieu que no diem pas cap mentida.<\/p>\n<p><a href=\"https:\/\/photos.app.goo.gl\/pgwS5sA76fxfDaPm1\"><img loading=\"lazy\" decoding=\"async\" class=\"aligncenter wp-image-2227 size-large\" src=\"http:\/\/agora.xtec.cat\/ceip-salvador-espriu-roda\/wp-content\/uploads\/usu1367\/2018\/05\/P1080285-1024x768.jpg\" alt=\"\" width=\"1024\" height=\"768\" \/><\/a><\/p>\n","protected":false},"excerpt":{"rendered":"<p>Els dracs de P5 no parem!!!! Divendres 25 de maig tamb\u00e9 vam sortir. Vam anar a l\u2019hort de la s\u00ednia, a Altafulla.<\/p>\n","protected":false},"author":1,"featured_media":2227,"comment_status":"open","ping_status":"closed","sticky":false,"template":"","format":"standard","meta":{"_bbp_topic_count":0,"_bbp_reply_count":0,"_bbp_total_topic_count":0,"_bbp_total_reply_count":0,"_bbp_voice_count":0,"_bbp_anonymous_reply_count":0,"_bbp_topic_count_hidden":0,"_bbp_reply_count_hidden":0,"_bbp_forum_subforum_count":0,"footnotes":""},"categories":[116,1,107,4,115],"tags":[],"class_list":["post-2226","post","type-post","status-publish","format-standard","has-post-thumbnail","hentry","category-comunitat-de-petits","category-general","category-i5","category-portada","category-sortides"],"post_mailing_queue_ids":[],"_links":{"self":[{"href":"https:\/\/agora.xtec.cat\/ceip-salvador-espriu-roda\/wp-json\/wp\/v2\/posts\/2226","targetHints":{"allow":["GET"]}}],"collection":[{"href":"https:\/\/agora.xtec.cat\/ceip-salvador-espriu-roda\/wp-json\/wp\/v2\/posts"}],"about":[{"href":"https:\/\/agora.xtec.cat\/ceip-salvador-espriu-roda\/wp-json\/wp\/v2\/types\/post"}],"author":[{"embeddable":true,"href":"https:\/\/agora.xtec.cat\/ceip-salvador-espriu-roda\/wp-json\/wp\/v2\/users\/1"}],"replies":[{"embeddable":true,"href":"https:\/\/agora.xtec.cat\/ceip-salvador-espriu-roda\/wp-json\/wp\/v2\/comments?post=2226"}],"version-history":[{"count":3,"href":"https:\/\/agora.xtec.cat\/ceip-salvador-espriu-roda\/wp-json\/wp\/v2\/posts\/2226\/revisions"}],"predecessor-version":[{"id":2274,"href":"https:\/\/agora.xtec.cat\/ceip-salvador-espriu-roda\/wp-json\/wp\/v2\/posts\/2226\/revisions\/2274"}],"wp:featuredmedia":[{"embeddable":true,"href":"https:\/\/agora.xtec.cat\/ceip-salvador-espriu-roda\/wp-json\/wp\/v2\/media\/2227"}],"wp:attachment":[{"href":"https:\/\/agora.xtec.cat\/ceip-salvador-espriu-roda\/wp-json\/wp\/v2\/media?parent=2226"}],"wp:term":[{"taxonomy":"category","embeddable":true,"href":"https:\/\/agora.xtec.cat\/ceip-salvador-espriu-roda\/wp-json\/wp\/v2\/categories?post=2226"},{"taxonomy":"post_tag","embeddable":true,"href":"https:\/\/agora.xtec.cat\/ceip-salvador-espriu-roda\/wp-json\/wp\/v2\/tags?post=2226"}],"curies":[{"name":"wp","href":"https:\/\/api.w.org\/{rel}","templated":true}]}}