{"id":2222,"date":"2018-05-31T13:01:49","date_gmt":"2018-05-31T11:01:49","guid":{"rendered":"http:\/\/agora.xtec.cat\/ceip-salvador-espriu-roda\/?p=2222"},"modified":"2018-06-18T09:37:14","modified_gmt":"2018-06-18T07:37:14","slug":"educacio-viaria-a-p5","status":"publish","type":"post","link":"https:\/\/agora.xtec.cat\/ceip-salvador-espriu-roda\/general\/educacio-viaria-a-p5\/","title":{"rendered":"Educaci\u00f3 vi\u00e0ria a P5"},"content":{"rendered":"<p>Dijous, 17 de maig, les nenes i els nens de P5 vam tenir la sort que el Javi policia i la seva companya Cristina van venir a l\u2019escola a ensenyar-nos com hem d\u2019anar pel carrer i qu\u00e8 cal fer tant si caminem com si anem en cotxe.<!--more--> I com que a caminar s\u2019hi apr\u00e8n caminant, vam sortir a fer un tomb pel poble per tal de posar en pr\u00e0ctica tot el que ens havien explicat. Despr\u00e9s de tres anys, creiem que ho vam fer for\u00e7a b\u00e9 i que el Javi va poder comprovar que l\u2019escoltem i li fem prou cas, i devia quedar content, perqu\u00e8 ens va portar al parc una estoneta.<\/p>\n<p>Us deixem unes fotos perqu\u00e8 veieu com va ser l\u2019activitat.<\/p>\n<p>Petonets!!!<\/p>\n<p><a href=\"https:\/\/photos.app.goo.gl\/jGGRHjZEyrPBmcm73\"><img loading=\"lazy\" decoding=\"async\" class=\"aligncenter wp-image-2224 size-large\" src=\"http:\/\/agora.xtec.cat\/ceip-salvador-espriu-roda\/wp-content\/uploads\/usu1367\/2018\/05\/20180517_102431-1024x446.jpg\" alt=\"\" width=\"1024\" height=\"446\" srcset=\"https:\/\/agora.xtec.cat\/ceip-salvador-espriu-roda\/wp-content\/uploads\/usu1367\/2018\/05\/20180517_102431.jpg 1024w, https:\/\/agora.xtec.cat\/ceip-salvador-espriu-roda\/wp-content\/uploads\/usu1367\/2018\/05\/20180517_102431-300x131.jpg 300w, https:\/\/agora.xtec.cat\/ceip-salvador-espriu-roda\/wp-content\/uploads\/usu1367\/2018\/05\/20180517_102431-768x335.jpg 768w\" sizes=\"auto, (max-width: 1024px) 100vw, 1024px\" \/><\/a><\/p>\n","protected":false},"excerpt":{"rendered":"<p>Dijous, 17 de maig, les nenes i els nens de P5 vam tenir la sort que el Javi policia i la seva companya Cristina van venir a l\u2019escola a ensenyar-nos com hem d\u2019anar pel carrer i qu\u00e8 cal fer tant si caminem com si anem&hellip;  <a href=\"https:\/\/agora.xtec.cat\/ceip-salvador-espriu-roda\/general\/educacio-viaria-a-p5\/\" title=\"Read Educaci\u00f3 vi\u00e0ria a P5\">Llegeix m\u00e9s\u00bb<\/a><\/p>\n","protected":false},"author":1,"featured_media":2224,"comment_status":"open","ping_status":"closed","sticky":false,"template":"","format":"standard","meta":{"_bbp_topic_count":0,"_bbp_reply_count":0,"_bbp_total_topic_count":0,"_bbp_total_reply_count":0,"_bbp_voice_count":0,"_bbp_anonymous_reply_count":0,"_bbp_topic_count_hidden":0,"_bbp_reply_count_hidden":0,"_bbp_forum_subforum_count":0,"footnotes":""},"categories":[69,1,103,107,104,4,77],"tags":[],"class_list":["post-2222","post","type-post","status-publish","format-standard","has-post-thumbnail","hentry","category-educacio-viaria","category-general","category-hem-fet-a-escola","category-i5","category-infantil","category-portada","category-projectes"],"post_mailing_queue_ids":[],"_links":{"self":[{"href":"https:\/\/agora.xtec.cat\/ceip-salvador-espriu-roda\/wp-json\/wp\/v2\/posts\/2222","targetHints":{"allow":["GET"]}}],"collection":[{"href":"https:\/\/agora.xtec.cat\/ceip-salvador-espriu-roda\/wp-json\/wp\/v2\/posts"}],"about":[{"href":"https:\/\/agora.xtec.cat\/ceip-salvador-espriu-roda\/wp-json\/wp\/v2\/types\/post"}],"author":[{"embeddable":true,"href":"https:\/\/agora.xtec.cat\/ceip-salvador-espriu-roda\/wp-json\/wp\/v2\/users\/1"}],"replies":[{"embeddable":true,"href":"https:\/\/agora.xtec.cat\/ceip-salvador-espriu-roda\/wp-json\/wp\/v2\/comments?post=2222"}],"version-history":[{"count":2,"href":"https:\/\/agora.xtec.cat\/ceip-salvador-espriu-roda\/wp-json\/wp\/v2\/posts\/2222\/revisions"}],"predecessor-version":[{"id":2284,"href":"https:\/\/agora.xtec.cat\/ceip-salvador-espriu-roda\/wp-json\/wp\/v2\/posts\/2222\/revisions\/2284"}],"wp:featuredmedia":[{"embeddable":true,"href":"https:\/\/agora.xtec.cat\/ceip-salvador-espriu-roda\/wp-json\/wp\/v2\/media\/2224"}],"wp:attachment":[{"href":"https:\/\/agora.xtec.cat\/ceip-salvador-espriu-roda\/wp-json\/wp\/v2\/media?parent=2222"}],"wp:term":[{"taxonomy":"category","embeddable":true,"href":"https:\/\/agora.xtec.cat\/ceip-salvador-espriu-roda\/wp-json\/wp\/v2\/categories?post=2222"},{"taxonomy":"post_tag","embeddable":true,"href":"https:\/\/agora.xtec.cat\/ceip-salvador-espriu-roda\/wp-json\/wp\/v2\/tags?post=2222"}],"curies":[{"name":"wp","href":"https:\/\/api.w.org\/{rel}","templated":true}]}}