{"id":2219,"date":"2018-05-31T13:02:22","date_gmt":"2018-05-31T11:02:22","guid":{"rendered":"http:\/\/agora.xtec.cat\/ceip-salvador-espriu-roda\/?p=2219"},"modified":"2018-06-18T09:37:49","modified_gmt":"2018-06-18T07:37:49","slug":"educacio-viaria-a-p4","status":"publish","type":"post","link":"https:\/\/agora.xtec.cat\/ceip-salvador-espriu-roda\/general\/educacio-viaria-a-p4\/","title":{"rendered":"Educaci\u00f3 vi\u00e0ria a P4"},"content":{"rendered":"<p>Els nens i les nenes de P4 hem estat practicant per ser uns bons vianants. Gr\u00e0cies a l\u2019ajuda del policia Javier hem pogut aprendre moltes coses sobre l\u2019educaci\u00f3 vi\u00e0ria, com ara, creuar correctament el pas de vianants, respectar els senyals&#8230; <!--more-->Ha estat molt interessant i per acabar d\u2019arrodonir l\u2019experi\u00e8ncia, hem anat una estoneta al parc. Ens ho hem passat molt b\u00e9!<\/p>\n<p><a href=\"https:\/\/photos.app.goo.gl\/3Q3x4qYjIApTLyVn1\"><img loading=\"lazy\" decoding=\"async\" class=\"aligncenter wp-image-2220 size-large\" src=\"http:\/\/agora.xtec.cat\/ceip-salvador-espriu-roda\/wp-content\/uploads\/usu1367\/2018\/05\/20180515_091403-1024x640.jpg\" alt=\"\" width=\"1024\" height=\"640\" srcset=\"https:\/\/agora.xtec.cat\/ceip-salvador-espriu-roda\/wp-content\/uploads\/usu1367\/2018\/05\/20180515_091403-1024x640.jpg 1024w, https:\/\/agora.xtec.cat\/ceip-salvador-espriu-roda\/wp-content\/uploads\/usu1367\/2018\/05\/20180515_091403-300x188.jpg 300w, https:\/\/agora.xtec.cat\/ceip-salvador-espriu-roda\/wp-content\/uploads\/usu1367\/2018\/05\/20180515_091403-768x480.jpg 768w\" sizes=\"auto, (max-width: 1024px) 100vw, 1024px\" \/><\/a><\/p>\n","protected":false},"excerpt":{"rendered":"<p>Els nens i les nenes de P4 hem estat practicant per ser uns bons vianants. Gr\u00e0cies a l\u2019ajuda del policia Javier hem pogut aprendre moltes coses sobre l\u2019educaci\u00f3 vi\u00e0ria, com ara, creuar correctament el pas de vianants, respectar els senyals&#8230; <\/p>\n","protected":false},"author":1,"featured_media":2220,"comment_status":"open","ping_status":"closed","sticky":false,"template":"","format":"standard","meta":{"_bbp_topic_count":0,"_bbp_reply_count":0,"_bbp_total_topic_count":0,"_bbp_total_reply_count":0,"_bbp_voice_count":0,"_bbp_anonymous_reply_count":0,"_bbp_topic_count_hidden":0,"_bbp_reply_count_hidden":0,"_bbp_forum_subforum_count":0,"footnotes":""},"categories":[69,1,103,106,104,4,77],"tags":[],"class_list":["post-2219","post","type-post","status-publish","format-standard","has-post-thumbnail","hentry","category-educacio-viaria","category-general","category-hem-fet-a-escola","category-i4","category-infantil","category-portada","category-projectes"],"post_mailing_queue_ids":[],"_links":{"self":[{"href":"https:\/\/agora.xtec.cat\/ceip-salvador-espriu-roda\/wp-json\/wp\/v2\/posts\/2219","targetHints":{"allow":["GET"]}}],"collection":[{"href":"https:\/\/agora.xtec.cat\/ceip-salvador-espriu-roda\/wp-json\/wp\/v2\/posts"}],"about":[{"href":"https:\/\/agora.xtec.cat\/ceip-salvador-espriu-roda\/wp-json\/wp\/v2\/types\/post"}],"author":[{"embeddable":true,"href":"https:\/\/agora.xtec.cat\/ceip-salvador-espriu-roda\/wp-json\/wp\/v2\/users\/1"}],"replies":[{"embeddable":true,"href":"https:\/\/agora.xtec.cat\/ceip-salvador-espriu-roda\/wp-json\/wp\/v2\/comments?post=2219"}],"version-history":[{"count":2,"href":"https:\/\/agora.xtec.cat\/ceip-salvador-espriu-roda\/wp-json\/wp\/v2\/posts\/2219\/revisions"}],"predecessor-version":[{"id":2285,"href":"https:\/\/agora.xtec.cat\/ceip-salvador-espriu-roda\/wp-json\/wp\/v2\/posts\/2219\/revisions\/2285"}],"wp:featuredmedia":[{"embeddable":true,"href":"https:\/\/agora.xtec.cat\/ceip-salvador-espriu-roda\/wp-json\/wp\/v2\/media\/2220"}],"wp:attachment":[{"href":"https:\/\/agora.xtec.cat\/ceip-salvador-espriu-roda\/wp-json\/wp\/v2\/media?parent=2219"}],"wp:term":[{"taxonomy":"category","embeddable":true,"href":"https:\/\/agora.xtec.cat\/ceip-salvador-espriu-roda\/wp-json\/wp\/v2\/categories?post=2219"},{"taxonomy":"post_tag","embeddable":true,"href":"https:\/\/agora.xtec.cat\/ceip-salvador-espriu-roda\/wp-json\/wp\/v2\/tags?post=2219"}],"curies":[{"name":"wp","href":"https:\/\/api.w.org\/{rel}","templated":true}]}}