{"id":2150,"date":"2018-05-10T12:26:39","date_gmt":"2018-05-10T10:26:39","guid":{"rendered":"http:\/\/agora.xtec.cat\/ceip-salvador-espriu-roda\/?p=2150"},"modified":"2018-06-18T09:33:46","modified_gmt":"2018-06-18T07:33:46","slug":"els-dracs-visitem-la-deixalleria","status":"publish","type":"post","link":"https:\/\/agora.xtec.cat\/ceip-salvador-espriu-roda\/general\/els-dracs-visitem-la-deixalleria\/","title":{"rendered":"Els dracs visitem la deixalleria"},"content":{"rendered":"<p>Divendres, 20 d\u2019abril, els dracs vam anar a la deixalleria de Roda de Ber\u00e0 amb la Lolita, la t\u00e8cnica de medi ambient de l\u2019Ajuntament de Roda de Ber\u00e0.<!--more--><\/p>\n<p>Ens va explicar com \u00e9s d\u2019important reciclar, tot el que hem de portar a la deixalleria i la manera correcta de fer-ho; i per acabar vam jugar a arrencar cebes. Va ser molt interessant i ens vam comprometre a anar-hi amb la fam\u00edlia (ja sabeu fam\u00edlies, haur\u00edeu de fer una excursi\u00f3).<\/p>\n<p>Moltes gr\u00e0cies Lolita, ens ho vam passar molt b\u00e9. I perqu\u00e8 ho veieu, aqu\u00ed teniu unes fotos.<\/p>\n<p><a href=\"https:\/\/photos.app.goo.gl\/1MpvN7KGeD25PpWw2\"><img loading=\"lazy\" decoding=\"async\" class=\"aligncenter size-large wp-image-2151\" src=\"http:\/\/agora.xtec.cat\/ceip-salvador-espriu-roda\/wp-content\/uploads\/usu1367\/2018\/05\/20180420_095411-1024x536.jpg\" alt=\"\" width=\"1024\" height=\"536\" srcset=\"https:\/\/agora.xtec.cat\/ceip-salvador-espriu-roda\/wp-content\/uploads\/usu1367\/2018\/05\/20180420_095411-1024x536.jpg 1024w, https:\/\/agora.xtec.cat\/ceip-salvador-espriu-roda\/wp-content\/uploads\/usu1367\/2018\/05\/20180420_095411-300x157.jpg 300w, https:\/\/agora.xtec.cat\/ceip-salvador-espriu-roda\/wp-content\/uploads\/usu1367\/2018\/05\/20180420_095411-768x402.jpg 768w\" sizes=\"auto, (max-width: 1024px) 100vw, 1024px\" \/><\/a><\/p>\n","protected":false},"excerpt":{"rendered":"<p>Divendres, 20 d\u2019abril, els dracs vam anar a la deixalleria de Roda de Ber\u00e0 amb la Lolita, la t\u00e8cnica de medi ambient de l\u2019Ajuntament de Roda de Ber\u00e0.<\/p>\n","protected":false},"author":1,"featured_media":2151,"comment_status":"open","ping_status":"closed","sticky":false,"template":"","format":"standard","meta":{"_bbp_topic_count":0,"_bbp_reply_count":0,"_bbp_total_topic_count":0,"_bbp_total_reply_count":0,"_bbp_voice_count":0,"_bbp_anonymous_reply_count":0,"_bbp_topic_count_hidden":0,"_bbp_reply_count_hidden":0,"_bbp_forum_subforum_count":0,"footnotes":""},"categories":[126,1,103,107,104,4,77],"tags":[],"class_list":["post-2150","post","type-post","status-publish","format-standard","has-post-thumbnail","hentry","category-educacio-mediambiental","category-general","category-hem-fet-a-escola","category-i5","category-infantil","category-portada","category-projectes"],"post_mailing_queue_ids":[],"_links":{"self":[{"href":"https:\/\/agora.xtec.cat\/ceip-salvador-espriu-roda\/wp-json\/wp\/v2\/posts\/2150","targetHints":{"allow":["GET"]}}],"collection":[{"href":"https:\/\/agora.xtec.cat\/ceip-salvador-espriu-roda\/wp-json\/wp\/v2\/posts"}],"about":[{"href":"https:\/\/agora.xtec.cat\/ceip-salvador-espriu-roda\/wp-json\/wp\/v2\/types\/post"}],"author":[{"embeddable":true,"href":"https:\/\/agora.xtec.cat\/ceip-salvador-espriu-roda\/wp-json\/wp\/v2\/users\/1"}],"replies":[{"embeddable":true,"href":"https:\/\/agora.xtec.cat\/ceip-salvador-espriu-roda\/wp-json\/wp\/v2\/comments?post=2150"}],"version-history":[{"count":2,"href":"https:\/\/agora.xtec.cat\/ceip-salvador-espriu-roda\/wp-json\/wp\/v2\/posts\/2150\/revisions"}],"predecessor-version":[{"id":2277,"href":"https:\/\/agora.xtec.cat\/ceip-salvador-espriu-roda\/wp-json\/wp\/v2\/posts\/2150\/revisions\/2277"}],"wp:featuredmedia":[{"embeddable":true,"href":"https:\/\/agora.xtec.cat\/ceip-salvador-espriu-roda\/wp-json\/wp\/v2\/media\/2151"}],"wp:attachment":[{"href":"https:\/\/agora.xtec.cat\/ceip-salvador-espriu-roda\/wp-json\/wp\/v2\/media?parent=2150"}],"wp:term":[{"taxonomy":"category","embeddable":true,"href":"https:\/\/agora.xtec.cat\/ceip-salvador-espriu-roda\/wp-json\/wp\/v2\/categories?post=2150"},{"taxonomy":"post_tag","embeddable":true,"href":"https:\/\/agora.xtec.cat\/ceip-salvador-espriu-roda\/wp-json\/wp\/v2\/tags?post=2150"}],"curies":[{"name":"wp","href":"https:\/\/api.w.org\/{rel}","templated":true}]}}