{"id":2136,"date":"2018-05-10T12:13:49","date_gmt":"2018-05-10T10:13:49","guid":{"rendered":"http:\/\/agora.xtec.cat\/ceip-salvador-espriu-roda\/?p=2136"},"modified":"2018-06-18T09:34:12","modified_gmt":"2018-06-18T07:34:12","slug":"educacio-viaria-a-p3","status":"publish","type":"post","link":"https:\/\/agora.xtec.cat\/ceip-salvador-espriu-roda\/portada\/educacio-viaria-a-p3\/","title":{"rendered":"Educaci\u00f3 vi\u00e0ria a P3"},"content":{"rendered":"<p>Els nens i nenes de P3 hem tingut la visita del Javier, un policia local de Roda de Ber\u00e0.<!--more--> Ens ha explicat coses molt interessants sobre com hem d&#8217;anar pel carrer, qu\u00e8 hem de vigilar, quantes vegades hem de mirar abans de creuar pel pas de vianants, qu\u00e8 signifiquen els colors del sem\u00e0for&#8230; Un cop vam tenir tota la informaci\u00f3 interioritzada, vam fer una sortida amb ell pels carrers de Roda per posar-ho en pr\u00e0ctica. Com que ho vam fer s\u00faper b\u00e9, vam acabar el recorregut al parc i ens hi vam poder quedar a jugar durant una bona estona. Si voleu veureu-ho, feu clic a la imatge. Que divertit \u00e9s aprendre!<\/p>\n<p><a href=\"https:\/\/photos.app.goo.gl\/J3IRyrm9C6sip0303\"><img loading=\"lazy\" decoding=\"async\" class=\"aligncenter size-large wp-image-2147\" src=\"http:\/\/agora.xtec.cat\/ceip-salvador-espriu-roda\/wp-content\/uploads\/usu1367\/2018\/05\/IMG_0293-1024x611.jpg\" alt=\"\" width=\"1024\" height=\"611\" srcset=\"https:\/\/agora.xtec.cat\/ceip-salvador-espriu-roda\/wp-content\/uploads\/usu1367\/2018\/05\/IMG_0293-1024x611.jpg 1024w, https:\/\/agora.xtec.cat\/ceip-salvador-espriu-roda\/wp-content\/uploads\/usu1367\/2018\/05\/IMG_0293-300x179.jpg 300w, https:\/\/agora.xtec.cat\/ceip-salvador-espriu-roda\/wp-content\/uploads\/usu1367\/2018\/05\/IMG_0293-768x459.jpg 768w\" sizes=\"auto, (max-width: 1024px) 100vw, 1024px\" \/><\/a><\/p>\n<p style=\"text-align: center;\"><strong>Gr\u00e0cies Javier!!<\/strong><\/p>\n","protected":false},"excerpt":{"rendered":"<p>Els nens i nenes de P3 hem tingut la visita del Javier, un policia local de Roda de Ber\u00e0.<\/p>\n","protected":false},"author":1,"featured_media":2147,"comment_status":"open","ping_status":"closed","sticky":false,"template":"","format":"standard","meta":{"_bbp_topic_count":0,"_bbp_reply_count":0,"_bbp_total_topic_count":0,"_bbp_total_reply_count":0,"_bbp_voice_count":0,"_bbp_anonymous_reply_count":0,"_bbp_topic_count_hidden":0,"_bbp_reply_count_hidden":0,"_bbp_forum_subforum_count":0,"footnotes":""},"categories":[69,103,105,104,4,77],"tags":[],"class_list":["post-2136","post","type-post","status-publish","format-standard","has-post-thumbnail","hentry","category-educacio-viaria","category-hem-fet-a-escola","category-i3","category-infantil","category-portada","category-projectes"],"post_mailing_queue_ids":[],"_links":{"self":[{"href":"https:\/\/agora.xtec.cat\/ceip-salvador-espriu-roda\/wp-json\/wp\/v2\/posts\/2136","targetHints":{"allow":["GET"]}}],"collection":[{"href":"https:\/\/agora.xtec.cat\/ceip-salvador-espriu-roda\/wp-json\/wp\/v2\/posts"}],"about":[{"href":"https:\/\/agora.xtec.cat\/ceip-salvador-espriu-roda\/wp-json\/wp\/v2\/types\/post"}],"author":[{"embeddable":true,"href":"https:\/\/agora.xtec.cat\/ceip-salvador-espriu-roda\/wp-json\/wp\/v2\/users\/1"}],"replies":[{"embeddable":true,"href":"https:\/\/agora.xtec.cat\/ceip-salvador-espriu-roda\/wp-json\/wp\/v2\/comments?post=2136"}],"version-history":[{"count":2,"href":"https:\/\/agora.xtec.cat\/ceip-salvador-espriu-roda\/wp-json\/wp\/v2\/posts\/2136\/revisions"}],"predecessor-version":[{"id":2278,"href":"https:\/\/agora.xtec.cat\/ceip-salvador-espriu-roda\/wp-json\/wp\/v2\/posts\/2136\/revisions\/2278"}],"wp:featuredmedia":[{"embeddable":true,"href":"https:\/\/agora.xtec.cat\/ceip-salvador-espriu-roda\/wp-json\/wp\/v2\/media\/2147"}],"wp:attachment":[{"href":"https:\/\/agora.xtec.cat\/ceip-salvador-espriu-roda\/wp-json\/wp\/v2\/media?parent=2136"}],"wp:term":[{"taxonomy":"category","embeddable":true,"href":"https:\/\/agora.xtec.cat\/ceip-salvador-espriu-roda\/wp-json\/wp\/v2\/categories?post=2136"},{"taxonomy":"post_tag","embeddable":true,"href":"https:\/\/agora.xtec.cat\/ceip-salvador-espriu-roda\/wp-json\/wp\/v2\/tags?post=2136"}],"curies":[{"name":"wp","href":"https:\/\/api.w.org\/{rel}","templated":true}]}}