{"id":2126,"date":"2018-06-12T14:30:17","date_gmt":"2018-06-12T12:30:17","guid":{"rendered":"http:\/\/agora.xtec.cat\/ceip-salvador-espriu-roda\/?p=2126"},"modified":"2018-06-28T11:54:49","modified_gmt":"2018-06-28T09:54:49","slug":"activitats-a-5e","status":"publish","type":"post","link":"https:\/\/agora.xtec.cat\/ceip-salvador-espriu-roda\/portada\/activitats-a-5e\/","title":{"rendered":"Activitats a 5\u00e8"},"content":{"rendered":"<p>Durant les \u00faltimes setmanes, els alumnes de cinqu\u00e8 hem dut a terme una s\u00e8rie d&#8217;activitats que us volem resumir en aquest article.<!--more--><\/p>\n<p>Vam rebre la visita del Francesc, un mosso d&#8217;esquadra que ens va parlar dels perills d&#8217;internet i la seva utilitzaci\u00f3 de manera segura. Els alumnes vam estar atents i vam fer preguntes molt interessants.<\/p>\n<p>Un altre dia va venir el Javier, el policia local, que ens va fer dos sessions d&#8217;educaci\u00f3 vi\u00e0ria: una xerrada sobre les normes i la seguretat vial i una altra on vam practicar amb les nostres bicis.<\/p>\n<p>Tamb\u00e9 vam anar a dibuixar cal Guivernau, l&#8217;antiga escola del poble. M\u00e9s endavant, a classe, vam acabar de pintar el dibuix amb aquarel\u00b7les.<\/p>\n<p>Fa dies que\u00a0estem fent un treball de medi sobre les antigues civilitzacions. Finalment hem acabat de preparar la petita l&#8217;obra de teatre que portem tot el trimestre preparant.<\/p>\n<p>Esperem que us agradi aquest recull d&#8217;imatges.<\/p>\n<p><a href=\"https:\/\/photos.app.goo.gl\/TlpKiasbs0Frz4RG2\"><img loading=\"lazy\" decoding=\"async\" class=\"aligncenter wp-image-2205\" src=\"http:\/\/agora.xtec.cat\/ceip-salvador-espriu-roda\/wp-content\/uploads\/usu1367\/2018\/05\/20180426_150719-C\u00f2pia-1024x635.jpg\" alt=\"\" width=\"887\" height=\"550\" \/><\/a><\/p>\n","protected":false},"excerpt":{"rendered":"<p>Durant les \u00faltimes setmanes, els alumnes de cinqu\u00e8 hem dut a terme una s\u00e8rie d&#8217;activitats que us volem resumir en aquest article.<\/p>\n","protected":false},"author":1,"featured_media":2205,"comment_status":"open","ping_status":"closed","sticky":false,"template":"","format":"standard","meta":{"_bbp_topic_count":0,"_bbp_reply_count":0,"_bbp_total_topic_count":0,"_bbp_total_reply_count":0,"_bbp_voice_count":0,"_bbp_anonymous_reply_count":0,"_bbp_topic_count_hidden":0,"_bbp_reply_count_hidden":0,"_bbp_forum_subforum_count":0,"footnotes":""},"categories":[113,103,4,108],"tags":[],"class_list":["post-2126","post","type-post","status-publish","format-standard","has-post-thumbnail","hentry","category-5e","category-hem-fet-a-escola","category-portada","category-primaria"],"post_mailing_queue_ids":[],"_links":{"self":[{"href":"https:\/\/agora.xtec.cat\/ceip-salvador-espriu-roda\/wp-json\/wp\/v2\/posts\/2126","targetHints":{"allow":["GET"]}}],"collection":[{"href":"https:\/\/agora.xtec.cat\/ceip-salvador-espriu-roda\/wp-json\/wp\/v2\/posts"}],"about":[{"href":"https:\/\/agora.xtec.cat\/ceip-salvador-espriu-roda\/wp-json\/wp\/v2\/types\/post"}],"author":[{"embeddable":true,"href":"https:\/\/agora.xtec.cat\/ceip-salvador-espriu-roda\/wp-json\/wp\/v2\/users\/1"}],"replies":[{"embeddable":true,"href":"https:\/\/agora.xtec.cat\/ceip-salvador-espriu-roda\/wp-json\/wp\/v2\/comments?post=2126"}],"version-history":[{"count":4,"href":"https:\/\/agora.xtec.cat\/ceip-salvador-espriu-roda\/wp-json\/wp\/v2\/posts\/2126\/revisions"}],"predecessor-version":[{"id":2281,"href":"https:\/\/agora.xtec.cat\/ceip-salvador-espriu-roda\/wp-json\/wp\/v2\/posts\/2126\/revisions\/2281"}],"wp:featuredmedia":[{"embeddable":true,"href":"https:\/\/agora.xtec.cat\/ceip-salvador-espriu-roda\/wp-json\/wp\/v2\/media\/2205"}],"wp:attachment":[{"href":"https:\/\/agora.xtec.cat\/ceip-salvador-espriu-roda\/wp-json\/wp\/v2\/media?parent=2126"}],"wp:term":[{"taxonomy":"category","embeddable":true,"href":"https:\/\/agora.xtec.cat\/ceip-salvador-espriu-roda\/wp-json\/wp\/v2\/categories?post=2126"},{"taxonomy":"post_tag","embeddable":true,"href":"https:\/\/agora.xtec.cat\/ceip-salvador-espriu-roda\/wp-json\/wp\/v2\/tags?post=2126"}],"curies":[{"name":"wp","href":"https:\/\/api.w.org\/{rel}","templated":true}]}}