{"id":2087,"date":"2018-04-26T13:05:50","date_gmt":"2018-04-26T11:05:50","guid":{"rendered":"http:\/\/agora.xtec.cat\/ceip-salvador-espriu-roda\/?p=2087"},"modified":"2018-04-26T13:23:03","modified_gmt":"2018-04-26T11:23:03","slug":"els-de-cicle-mitja-anem-de-colonies","status":"publish","type":"post","link":"https:\/\/agora.xtec.cat\/ceip-salvador-espriu-roda\/general\/els-de-cicle-mitja-anem-de-colonies\/","title":{"rendered":"Els de 2n i 4t anem de col\u00f2nies!"},"content":{"rendered":"<p>Els passats dies 18, 19 i 20 d\u2019abril 43 alumnes i 4 mestres de 2n i 4rt de l\u2019escola vam anar de col\u00f2nies a Flix, concretament al Camp d\u2019Aprenentatge de Sebes i Meandre de Flix. El poble es troba la comarca de la Ribera d\u2019Ebre (TGN). Aquest petit poble, d\u2019aproximadament 3.600 habitants, es caracteritza pel meandre del riu Ebre que l\u2019envolta.<\/p>\n<p>Aix\u00ed doncs, el nostre objectiu era descobrir l\u2019entorn de la Reserva natural de Sebes i del meandre de Flix. Ho vam aconseguir amb les seg\u00fcents activitats:<\/p>\n<ul>\n<li>Visita a Flix: El Mol\u00ed d\u2019oli i el refugi antiaeri.<\/li>\n<li>Excursi\u00f3 a la Reserva natural de Sebes i al Mas de les cigonyes.<\/li>\n<li>Visita al centre d\u2019interpretaci\u00f3 del cam\u00ed de Sirga.<\/li>\n<li>Reconeixement i classificaci\u00f3 d\u2019animals seguint i analitzant els seus rastres.<\/li>\n<\/ul>\n<p>Vam aprendre moltes coses d\u2019aquesta bonica zona de la Ribera d\u2019Ebre: els seus ecosistemes, el cicle de l\u2019aigua, el bosc de ribera, el projecte de reintroducci\u00f3 de la cigonya blanca a les Terres de l\u2019Ebre, les papallones di\u00fcrnes, la gesti\u00f3 dels aiguamolls amb els cavalls de la Camarga i el conreu tradicional de l\u2019olivera. Tot plegat, conscienciant-nos de la protecci\u00f3 de l\u2019entorn i reflexionant sobre la relaci\u00f3 entre les persones i la natura.<\/p>\n<p>A m\u00e9s a m\u00e9s, vam poder gaudir de les magn\u00edfiques instal\u00b7lacions de l\u2019alberg rural Vilar Riu de Baix on ens vam allotjar, del seu preci\u00f3s entorn natural i del bon tracte del personal de la casa. Vam passar molt bones estones de temps lliure on ens ho vam passar d\u2019all\u00f2 m\u00e9s b\u00e9. I tot i que acab\u00e0vem els dies molt cansats encara ens quedaven forces per fer un joc la primera nit i una festa de cloenda la segona i \u00faltima nit.<\/p>\n<p>Han sigut unes col\u00f2nies fant\u00e0stiques en un entorn natural incre\u00efble on les cigonyes han sigut unes companyes de viatge molt especials!<\/p>\n<p>Si voleu veure les imatges, visiteu el seg\u00fcent enlla\u00e7:<\/p>\n<p><a href=\"https:\/\/photos.app.goo.gl\/m3MEQT7mEnD6YF413\"><img loading=\"lazy\" decoding=\"async\" class=\"aligncenter wp-image-2092 size-large\" src=\"http:\/\/agora.xtec.cat\/ceip-salvador-espriu-roda\/wp-content\/uploads\/usu1367\/2018\/04\/Col\u00f2nies-2017-18-C\u00f2pia-1024x511.jpg\" alt=\"\" width=\"1024\" height=\"511\" \/><\/a><\/p>\n","protected":false},"excerpt":{"rendered":"<p>Els passats dies 18, 19 i 20 d\u2019abril 43 alumnes i 4 mestres de 2n i 4rt de l\u2019escola vam anar de col\u00f2nies a Flix, concretament al Camp d\u2019Aprenentatge de Sebes i Meandre de Flix. El poble es troba la comarca de la Ribera d\u2019Ebre&hellip;  <a href=\"https:\/\/agora.xtec.cat\/ceip-salvador-espriu-roda\/general\/els-de-cicle-mitja-anem-de-colonies\/\" title=\"Read Els de 2n i 4t anem de col\u00f2nies!\">Llegeix m\u00e9s\u00bb<\/a><\/p>\n","protected":false},"author":1,"featured_media":2092,"comment_status":"open","ping_status":"closed","sticky":false,"template":"","format":"standard","meta":{"_bbp_topic_count":0,"_bbp_reply_count":0,"_bbp_total_topic_count":0,"_bbp_total_reply_count":0,"_bbp_voice_count":0,"_bbp_anonymous_reply_count":0,"_bbp_topic_count_hidden":0,"_bbp_reply_count_hidden":0,"_bbp_forum_subforum_count":0,"footnotes":""},"categories":[1,4,115],"tags":[],"class_list":["post-2087","post","type-post","status-publish","format-standard","has-post-thumbnail","hentry","category-general","category-portada","category-sortides"],"post_mailing_queue_ids":[],"_links":{"self":[{"href":"https:\/\/agora.xtec.cat\/ceip-salvador-espriu-roda\/wp-json\/wp\/v2\/posts\/2087","targetHints":{"allow":["GET"]}}],"collection":[{"href":"https:\/\/agora.xtec.cat\/ceip-salvador-espriu-roda\/wp-json\/wp\/v2\/posts"}],"about":[{"href":"https:\/\/agora.xtec.cat\/ceip-salvador-espriu-roda\/wp-json\/wp\/v2\/types\/post"}],"author":[{"embeddable":true,"href":"https:\/\/agora.xtec.cat\/ceip-salvador-espriu-roda\/wp-json\/wp\/v2\/users\/1"}],"replies":[{"embeddable":true,"href":"https:\/\/agora.xtec.cat\/ceip-salvador-espriu-roda\/wp-json\/wp\/v2\/comments?post=2087"}],"version-history":[{"count":3,"href":"https:\/\/agora.xtec.cat\/ceip-salvador-espriu-roda\/wp-json\/wp\/v2\/posts\/2087\/revisions"}],"predecessor-version":[{"id":2110,"href":"https:\/\/agora.xtec.cat\/ceip-salvador-espriu-roda\/wp-json\/wp\/v2\/posts\/2087\/revisions\/2110"}],"wp:featuredmedia":[{"embeddable":true,"href":"https:\/\/agora.xtec.cat\/ceip-salvador-espriu-roda\/wp-json\/wp\/v2\/media\/2092"}],"wp:attachment":[{"href":"https:\/\/agora.xtec.cat\/ceip-salvador-espriu-roda\/wp-json\/wp\/v2\/media?parent=2087"}],"wp:term":[{"taxonomy":"category","embeddable":true,"href":"https:\/\/agora.xtec.cat\/ceip-salvador-espriu-roda\/wp-json\/wp\/v2\/categories?post=2087"},{"taxonomy":"post_tag","embeddable":true,"href":"https:\/\/agora.xtec.cat\/ceip-salvador-espriu-roda\/wp-json\/wp\/v2\/tags?post=2087"}],"curies":[{"name":"wp","href":"https:\/\/api.w.org\/{rel}","templated":true}]}}