{"id":2075,"date":"2018-04-26T12:30:46","date_gmt":"2018-04-26T10:30:46","guid":{"rendered":"http:\/\/agora.xtec.cat\/ceip-salvador-espriu-roda\/?p=2075"},"modified":"2019-05-22T16:14:36","modified_gmt":"2019-05-22T14:14:36","slug":"celebrem-sant-jordi-2018","status":"publish","type":"post","link":"https:\/\/agora.xtec.cat\/ceip-salvador-espriu-roda\/general\/celebrem-sant-jordi-2018\/","title":{"rendered":"Celebrem Sant Jordi 2018"},"content":{"rendered":"<p>Com que Sant Jordi \u00e9s un dia molt especial, a l&#8217;escola ho celebrem com a tal. Cada tutor o tutora es va quedar al mat\u00ed amb el seu grup fent activitats relacionades amb la diada. Els d&#8217;Infantil\u00a0vam fer diferents manualitats: un punt de llibre, una rosa, un drac i, finalment, un taller de fotografia.\u00a0Els de Cicle Inicial van llegir\u00a0el conte de la Llegenda de Sant Jordi i despr\u00e9s van realitzar\u00a0diferents manualitats. Els de\u00a0Cicle Mitj\u00e0 van preparar l\u2019audici\u00f3 del teatre de Sant Jordi en angl\u00e8s i despr\u00e9s van preparar la construcci\u00f3 d\u2019un drac articulat i un photocall amb els personatges de la llegenda.\u00a0Els de cinqu\u00e8 van fer la lectura de la Llegenda de Sant Jordi explicada pel drac i despr\u00e9s un taller d\u2019escriptura on cadasc\u00fa, a partir d\u2019unes imatges, ha reinventat i reescrit la seva llegenda. A quarts de 9 els grups de 6\u00e8, amb la col\u00b7laboraci\u00f3 de pares i mares, van muntar una parada de llibres i roses a la zona del bibliopati, aprofitant que \u00e9s on hi tenim el mural de &#8220;L\u2019arbre de la lectura\u201d. Des de 2\/4 de 10 i fins la una del migdia les fam\u00edlies podien venir per comprar llibres i roses amb els seus fills.<\/p>\n<p>A la tarda vam celebrar el certamen literari. Si esteu interessats en saber com va anar, llegiu l&#8217;article seg\u00fcent!<\/p>\n<p>Us deixem amb unes imatges de com va anar aquest dia tan bonic.<\/p>\n<p><a href=\"https:\/\/photos.app.goo.gl\/6VgnDJaIoc7Igk7n1\"><img loading=\"lazy\" decoding=\"async\" class=\"aligncenter wp-image-2084\" src=\"http:\/\/agora.xtec.cat\/ceip-salvador-espriu-roda\/wp-content\/uploads\/usu1367\/2018\/04\/IMG_7570-1024x683.jpg\" alt=\"\" width=\"645\" height=\"430\" srcset=\"https:\/\/agora.xtec.cat\/ceip-salvador-espriu-roda\/wp-content\/uploads\/usu1367\/2018\/04\/IMG_7570.jpg 1024w, https:\/\/agora.xtec.cat\/ceip-salvador-espriu-roda\/wp-content\/uploads\/usu1367\/2018\/04\/IMG_7570-300x200.jpg 300w, https:\/\/agora.xtec.cat\/ceip-salvador-espriu-roda\/wp-content\/uploads\/usu1367\/2018\/04\/IMG_7570-768x512.jpg 768w\" sizes=\"auto, (max-width: 645px) 100vw, 645px\" \/><\/a><\/p>\n","protected":false},"excerpt":{"rendered":"<p>Com que Sant Jordi \u00e9s un dia molt especial, a l&#8217;escola ho celebrem com a tal. Cada tutor o tutora es va quedar al mat\u00ed amb el seu grup fent activitats relacionades amb la diada. Els d&#8217;Infantil\u00a0vam fer diferents manualitats: un punt de llibre, una&hellip;  <a href=\"https:\/\/agora.xtec.cat\/ceip-salvador-espriu-roda\/general\/celebrem-sant-jordi-2018\/\" title=\"Read Celebrem Sant Jordi 2018\">Llegeix m\u00e9s\u00bb<\/a><\/p>\n","protected":false},"author":1,"featured_media":2084,"comment_status":"open","ping_status":"closed","sticky":false,"template":"","format":"standard","meta":{"_bbp_topic_count":0,"_bbp_reply_count":0,"_bbp_total_topic_count":0,"_bbp_total_reply_count":0,"_bbp_voice_count":0,"_bbp_anonymous_reply_count":0,"_bbp_topic_count_hidden":0,"_bbp_reply_count_hidden":0,"_bbp_forum_subforum_count":0,"footnotes":""},"categories":[68,1,4,72],"tags":[],"class_list":["post-2075","post","type-post","status-publish","format-standard","has-post-thumbnail","hentry","category-festes","category-general","category-portada","category-sant-jordi"],"post_mailing_queue_ids":[],"_links":{"self":[{"href":"https:\/\/agora.xtec.cat\/ceip-salvador-espriu-roda\/wp-json\/wp\/v2\/posts\/2075","targetHints":{"allow":["GET"]}}],"collection":[{"href":"https:\/\/agora.xtec.cat\/ceip-salvador-espriu-roda\/wp-json\/wp\/v2\/posts"}],"about":[{"href":"https:\/\/agora.xtec.cat\/ceip-salvador-espriu-roda\/wp-json\/wp\/v2\/types\/post"}],"author":[{"embeddable":true,"href":"https:\/\/agora.xtec.cat\/ceip-salvador-espriu-roda\/wp-json\/wp\/v2\/users\/1"}],"replies":[{"embeddable":true,"href":"https:\/\/agora.xtec.cat\/ceip-salvador-espriu-roda\/wp-json\/wp\/v2\/comments?post=2075"}],"version-history":[{"count":3,"href":"https:\/\/agora.xtec.cat\/ceip-salvador-espriu-roda\/wp-json\/wp\/v2\/posts\/2075\/revisions"}],"predecessor-version":[{"id":2088,"href":"https:\/\/agora.xtec.cat\/ceip-salvador-espriu-roda\/wp-json\/wp\/v2\/posts\/2075\/revisions\/2088"}],"wp:featuredmedia":[{"embeddable":true,"href":"https:\/\/agora.xtec.cat\/ceip-salvador-espriu-roda\/wp-json\/wp\/v2\/media\/2084"}],"wp:attachment":[{"href":"https:\/\/agora.xtec.cat\/ceip-salvador-espriu-roda\/wp-json\/wp\/v2\/media?parent=2075"}],"wp:term":[{"taxonomy":"category","embeddable":true,"href":"https:\/\/agora.xtec.cat\/ceip-salvador-espriu-roda\/wp-json\/wp\/v2\/categories?post=2075"},{"taxonomy":"post_tag","embeddable":true,"href":"https:\/\/agora.xtec.cat\/ceip-salvador-espriu-roda\/wp-json\/wp\/v2\/tags?post=2075"}],"curies":[{"name":"wp","href":"https:\/\/api.w.org\/{rel}","templated":true}]}}