{"id":2067,"date":"2018-04-19T11:59:06","date_gmt":"2018-04-19T09:59:06","guid":{"rendered":"http:\/\/agora.xtec.cat\/ceip-salvador-espriu-roda\/?p=2067"},"modified":"2018-04-19T11:59:34","modified_gmt":"2018-04-19T09:59:34","slug":"colonies-a-esterri-daneu","status":"publish","type":"post","link":"https:\/\/agora.xtec.cat\/ceip-salvador-espriu-roda\/general\/colonies-a-esterri-daneu\/","title":{"rendered":"Col\u00f2nies a Esterri d\u2019\u00c0neu"},"content":{"rendered":"<p>La passada setmana que compr\u00e8n des del dilluns 12 al divendres 16 de mar\u00e7, els dos grups de sis\u00e8 vam anar a Esterri d\u2019\u00c0neu, on, entre moltes altres activitats, vam aproximar-nos a la realitat d\u2019aquelles terres. Enguany ho vam fer tot seguint el fil conductor de l\u2019\u00f3s bru del Pirineu.<\/p>\n<p>Podem dir que ha estat una descoberta cont\u00ednua que va comen\u00e7ar ja des de l\u2019escola mateix: vam rebre la not\u00edcia de l\u2019avistament d\u2019un \u00f3s a tocar del poble. La nostra feina va comen\u00e7ar analitzant-ne els testimonis que ens van fer arribar des del CdA.<\/p>\n<p>Un cop all\u00e0 us fem un breu llistat de les activitats programades (us les posem en el mateix ordre en qu\u00e8 les vam fer):<\/p>\n<p>&#8211; el paisatge de l\u2019\u00f3s<\/p>\n<p>&#8211; la casa-museu de l\u2019\u00f3s<\/p>\n<p>&#8211; taller de petjades<\/p>\n<p>&#8211; visita al Parc Nacional d\u2019Aig\u00fcestortes i estany de Sant Maurici<\/p>\n<p>&#8211; estudi del riu de Son (f\u00edsic, qu\u00edmic i biol\u00f2gic)<\/p>\n<p>&#8211; taller estirant el fil (usos de la llana i el fil)<\/p>\n<p>&#8211; vida dom\u00e8stica a casa Gassia (casa antiga pallaresa).<\/p>\n<p>A m\u00e9s, vam tenir temps (i ganes!) de fer dos tallers despr\u00e9s del sopar del segon i tercer dies (astronomia i pintant en la foscor) i, com no, la inigualable festa de comiat, amb tot el glamur i m\u00e9s que us pugueu imaginar.<\/p>\n<p>Us podem assegurar que l\u2019estada va ser profitosa (vam aprendre moltes coses en un entorn tan lluny\u00e0 i diferent com el nostre), divertida (baixades amb trineu a la neu, balls impossibles, corredisses entre habitacions,&#8230;) i cansada (la tornada en autob\u00fas va ser totalment silenciosa).<\/p>\n<p>Ara ja nom\u00e9s ens queda acabar de fer unes conclusions sobre si creiem que el testimoni del Manelet (aix\u00ed es deia la persona que assegurava haver vist l\u2019\u00f3s) \u00e9s cre\u00efble o no. Nosaltres hem indagat a la premsa i hem aconseguit un parell de not\u00edcies que ens poden acabar de decidir. En fi, hem estat investigadors\/es per uns dies.<\/p>\n<p><a href=\"https:\/\/photos.app.goo.gl\/rf7f1tmWpcUMtX2B2\"><img loading=\"lazy\" decoding=\"async\" class=\"wp-image-2068 size-large\" src=\"http:\/\/agora.xtec.cat\/ceip-salvador-espriu-roda\/wp-content\/uploads\/usu1367\/2018\/04\/FOTO_739533-1024x651.jpg\" alt=\"\" width=\"1024\" height=\"651\" srcset=\"https:\/\/agora.xtec.cat\/ceip-salvador-espriu-roda\/wp-content\/uploads\/usu1367\/2018\/04\/FOTO_739533-1024x651.jpg 1024w, https:\/\/agora.xtec.cat\/ceip-salvador-espriu-roda\/wp-content\/uploads\/usu1367\/2018\/04\/FOTO_739533-300x191.jpg 300w, https:\/\/agora.xtec.cat\/ceip-salvador-espriu-roda\/wp-content\/uploads\/usu1367\/2018\/04\/FOTO_739533-768x488.jpg 768w\" sizes=\"auto, (max-width: 1024px) 100vw, 1024px\" \/><\/a><\/p>\n","protected":false},"excerpt":{"rendered":"<p>La passada setmana que compr\u00e8n des del dilluns 12 al divendres 16 de mar\u00e7, els dos grups de sis\u00e8 vam anar a Esterri d\u2019\u00c0neu, on, entre moltes altres activitats, vam aproximar-nos a la realitat d\u2019aquelles terres. Enguany ho vam fer tot seguint el fil conductor&hellip;  <a href=\"https:\/\/agora.xtec.cat\/ceip-salvador-espriu-roda\/general\/colonies-a-esterri-daneu\/\" title=\"Read Col\u00f2nies a Esterri d\u2019\u00c0neu\">Llegeix m\u00e9s\u00bb<\/a><\/p>\n","protected":false},"author":1,"featured_media":2068,"comment_status":"open","ping_status":"closed","sticky":false,"template":"","format":"standard","meta":{"_bbp_topic_count":0,"_bbp_reply_count":0,"_bbp_total_topic_count":0,"_bbp_total_reply_count":0,"_bbp_voice_count":0,"_bbp_anonymous_reply_count":0,"_bbp_topic_count_hidden":0,"_bbp_reply_count_hidden":0,"_bbp_forum_subforum_count":0,"footnotes":""},"categories":[119,1,4,115],"tags":[],"class_list":["post-2067","post","type-post","status-publish","format-standard","has-post-thumbnail","hentry","category-comunitat-de-grans","category-general","category-portada","category-sortides"],"post_mailing_queue_ids":[],"_links":{"self":[{"href":"https:\/\/agora.xtec.cat\/ceip-salvador-espriu-roda\/wp-json\/wp\/v2\/posts\/2067","targetHints":{"allow":["GET"]}}],"collection":[{"href":"https:\/\/agora.xtec.cat\/ceip-salvador-espriu-roda\/wp-json\/wp\/v2\/posts"}],"about":[{"href":"https:\/\/agora.xtec.cat\/ceip-salvador-espriu-roda\/wp-json\/wp\/v2\/types\/post"}],"author":[{"embeddable":true,"href":"https:\/\/agora.xtec.cat\/ceip-salvador-espriu-roda\/wp-json\/wp\/v2\/users\/1"}],"replies":[{"embeddable":true,"href":"https:\/\/agora.xtec.cat\/ceip-salvador-espriu-roda\/wp-json\/wp\/v2\/comments?post=2067"}],"version-history":[{"count":1,"href":"https:\/\/agora.xtec.cat\/ceip-salvador-espriu-roda\/wp-json\/wp\/v2\/posts\/2067\/revisions"}],"predecessor-version":[{"id":2069,"href":"https:\/\/agora.xtec.cat\/ceip-salvador-espriu-roda\/wp-json\/wp\/v2\/posts\/2067\/revisions\/2069"}],"wp:featuredmedia":[{"embeddable":true,"href":"https:\/\/agora.xtec.cat\/ceip-salvador-espriu-roda\/wp-json\/wp\/v2\/media\/2068"}],"wp:attachment":[{"href":"https:\/\/agora.xtec.cat\/ceip-salvador-espriu-roda\/wp-json\/wp\/v2\/media?parent=2067"}],"wp:term":[{"taxonomy":"category","embeddable":true,"href":"https:\/\/agora.xtec.cat\/ceip-salvador-espriu-roda\/wp-json\/wp\/v2\/categories?post=2067"},{"taxonomy":"post_tag","embeddable":true,"href":"https:\/\/agora.xtec.cat\/ceip-salvador-espriu-roda\/wp-json\/wp\/v2\/tags?post=2067"}],"curies":[{"name":"wp","href":"https:\/\/api.w.org\/{rel}","templated":true}]}}