{"id":2025,"date":"2018-04-09T14:44:52","date_gmt":"2018-04-09T12:44:52","guid":{"rendered":"http:\/\/agora.xtec.cat\/ceip-salvador-espriu-roda\/?p=2025"},"modified":"2018-04-09T14:44:52","modified_gmt":"2018-04-09T12:44:52","slug":"fem-de-beebots-a-p4","status":"publish","type":"post","link":"https:\/\/agora.xtec.cat\/ceip-salvador-espriu-roda\/general\/fem-de-beebots-a-p4\/","title":{"rendered":"Fem de Beebots a P4"},"content":{"rendered":"<p>En aquesta sessi\u00f3, ens hem posat en la pell del Beebot!<\/p>\n<p>En una quadr\u00edcula de cercles, hem buscat una ruta per arribar al got. Saltant, hem anat de cercle en cercle fins que l\u2019hem trobat.<\/p>\n<p>Despr\u00e9s, hem programat el Beebot perqu\u00e8 fes la mateixa ruta tot contant els quadres i tamb\u00e9 trob\u00e9s el got. Ens ha costat una mica, per\u00f2 poc a poc ens n\u2019anem sortint!<\/p>\n<p><a href=\"https:\/\/photos.app.goo.gl\/H62dfLwXxDMKP0P23\"><img loading=\"lazy\" decoding=\"async\" class=\"aligncenter wp-image-2026\" src=\"http:\/\/agora.xtec.cat\/ceip-salvador-espriu-roda\/wp-content\/uploads\/usu1367\/2018\/04\/IMG_20180315_101219-1024x807.jpg\" alt=\"\" width=\"570\" height=\"449\" srcset=\"https:\/\/agora.xtec.cat\/ceip-salvador-espriu-roda\/wp-content\/uploads\/usu1367\/2018\/04\/IMG_20180315_101219-1024x807.jpg 1024w, https:\/\/agora.xtec.cat\/ceip-salvador-espriu-roda\/wp-content\/uploads\/usu1367\/2018\/04\/IMG_20180315_101219-300x236.jpg 300w, https:\/\/agora.xtec.cat\/ceip-salvador-espriu-roda\/wp-content\/uploads\/usu1367\/2018\/04\/IMG_20180315_101219-768x605.jpg 768w\" sizes=\"auto, (max-width: 570px) 100vw, 570px\" \/><\/a><\/p>\n<p>&nbsp;<\/p>\n","protected":false},"excerpt":{"rendered":"<p>En aquesta sessi\u00f3, ens hem posat en la pell del Beebot!<br \/>\nEn una quadr\u00edcula de cercles, hem buscat una ruta per arribar al got. Saltant, hem anat de cercle en cercle fins que l\u2019hem trobat.<br \/>\nDespr\u00e9s, hem programat el Beebot perqu\u00e8 fes la mateixa ruta tot contant&hellip;  <a href=\"https:\/\/agora.xtec.cat\/ceip-salvador-espriu-roda\/general\/fem-de-beebots-a-p4\/\" title=\"Read Fem de Beebots a P4\">Llegeix m\u00e9s\u00bb<\/a><\/p>\n","protected":false},"author":1,"featured_media":2026,"comment_status":"open","ping_status":"closed","sticky":false,"template":"","format":"standard","meta":{"_bbp_topic_count":0,"_bbp_reply_count":0,"_bbp_total_topic_count":0,"_bbp_total_reply_count":0,"_bbp_voice_count":0,"_bbp_anonymous_reply_count":0,"_bbp_topic_count_hidden":0,"_bbp_reply_count_hidden":0,"_bbp_forum_subforum_count":0,"footnotes":""},"categories":[1,103,106,104,4],"tags":[],"class_list":["post-2025","post","type-post","status-publish","format-standard","has-post-thumbnail","hentry","category-general","category-hem-fet-a-escola","category-i4","category-infantil","category-portada"],"post_mailing_queue_ids":[],"_links":{"self":[{"href":"https:\/\/agora.xtec.cat\/ceip-salvador-espriu-roda\/wp-json\/wp\/v2\/posts\/2025","targetHints":{"allow":["GET"]}}],"collection":[{"href":"https:\/\/agora.xtec.cat\/ceip-salvador-espriu-roda\/wp-json\/wp\/v2\/posts"}],"about":[{"href":"https:\/\/agora.xtec.cat\/ceip-salvador-espriu-roda\/wp-json\/wp\/v2\/types\/post"}],"author":[{"embeddable":true,"href":"https:\/\/agora.xtec.cat\/ceip-salvador-espriu-roda\/wp-json\/wp\/v2\/users\/1"}],"replies":[{"embeddable":true,"href":"https:\/\/agora.xtec.cat\/ceip-salvador-espriu-roda\/wp-json\/wp\/v2\/comments?post=2025"}],"version-history":[{"count":1,"href":"https:\/\/agora.xtec.cat\/ceip-salvador-espriu-roda\/wp-json\/wp\/v2\/posts\/2025\/revisions"}],"predecessor-version":[{"id":2027,"href":"https:\/\/agora.xtec.cat\/ceip-salvador-espriu-roda\/wp-json\/wp\/v2\/posts\/2025\/revisions\/2027"}],"wp:featuredmedia":[{"embeddable":true,"href":"https:\/\/agora.xtec.cat\/ceip-salvador-espriu-roda\/wp-json\/wp\/v2\/media\/2026"}],"wp:attachment":[{"href":"https:\/\/agora.xtec.cat\/ceip-salvador-espriu-roda\/wp-json\/wp\/v2\/media?parent=2025"}],"wp:term":[{"taxonomy":"category","embeddable":true,"href":"https:\/\/agora.xtec.cat\/ceip-salvador-espriu-roda\/wp-json\/wp\/v2\/categories?post=2025"},{"taxonomy":"post_tag","embeddable":true,"href":"https:\/\/agora.xtec.cat\/ceip-salvador-espriu-roda\/wp-json\/wp\/v2\/tags?post=2025"}],"curies":[{"name":"wp","href":"https:\/\/api.w.org\/{rel}","templated":true}]}}