{"id":2019,"date":"2018-04-09T14:43:21","date_gmt":"2018-04-09T12:43:21","guid":{"rendered":"http:\/\/agora.xtec.cat\/ceip-salvador-espriu-roda\/?p=2019"},"modified":"2018-04-09T14:43:21","modified_gmt":"2018-04-09T12:43:21","slug":"observem-els-cargols-que-fan","status":"publish","type":"post","link":"https:\/\/agora.xtec.cat\/ceip-salvador-espriu-roda\/general\/observem-els-cargols-que-fan\/","title":{"rendered":"Observem els cargols&#8230; qu\u00e8 fan?"},"content":{"rendered":"<p>Els dracs vam anar a buscar cargols a l\u2019hort de l\u2019escola i els estem observant i cuidant a l\u2019aula de ci\u00e8ncies.<\/p>\n<p>Volem saber com s\u00f3n, com es desplacen, qu\u00e8 mengen, com es reprodueixen, com es defensen i qu\u00e8 vol dir hivernar.<\/p>\n<p>Els hem preparat un terrari perqu\u00e8 hi puguin viure i aix\u00ed nosaltres podrem saber m\u00e9s coses d&#8217;ells. Tamb\u00e9 ens hem informat amb pel\u00b7l\u00edcules, llibres&#8230;. per poder saber-ne m\u00e9s<\/p>\n<p>Us deixem unes fotos d\u2019aquesta activitat.<\/p>\n<p><a href=\"https:\/\/photos.app.goo.gl\/K0Jsxd4uLDaSZKXg1\"><img loading=\"lazy\" decoding=\"async\" class=\"aligncenter wp-image-2020\" src=\"http:\/\/agora.xtec.cat\/ceip-salvador-espriu-roda\/wp-content\/uploads\/usu1367\/2018\/04\/20180313_154831-1024x576.jpg\" alt=\"\" width=\"538\" height=\"303\" srcset=\"https:\/\/agora.xtec.cat\/ceip-salvador-espriu-roda\/wp-content\/uploads\/usu1367\/2018\/04\/20180313_154831-1024x576.jpg 1024w, https:\/\/agora.xtec.cat\/ceip-salvador-espriu-roda\/wp-content\/uploads\/usu1367\/2018\/04\/20180313_154831-300x169.jpg 300w, https:\/\/agora.xtec.cat\/ceip-salvador-espriu-roda\/wp-content\/uploads\/usu1367\/2018\/04\/20180313_154831-768x432.jpg 768w\" sizes=\"auto, (max-width: 538px) 100vw, 538px\" \/><\/a><\/p>\n<p>&nbsp;<\/p>\n","protected":false},"excerpt":{"rendered":"<p>Els dracs vam anar a buscar cargols a l\u2019hort de l\u2019escola i els estem observant i cuidant a l\u2019aula de ci\u00e8ncies.<br \/>\nVolem saber com s\u00f3n, com es desplacen, qu\u00e8 mengen, com es reprodueixen, com es defensen i qu\u00e8 vol dir hivernar.<br \/>\nEls hem preparat un terrari perqu\u00e8&hellip;  <a href=\"https:\/\/agora.xtec.cat\/ceip-salvador-espriu-roda\/general\/observem-els-cargols-que-fan\/\" title=\"Read Observem els cargols&#8230; qu\u00e8 fan?\">Llegeix m\u00e9s\u00bb<\/a><\/p>\n","protected":false},"author":1,"featured_media":2020,"comment_status":"open","ping_status":"closed","sticky":false,"template":"","format":"standard","meta":{"_bbp_topic_count":0,"_bbp_reply_count":0,"_bbp_total_topic_count":0,"_bbp_total_reply_count":0,"_bbp_voice_count":0,"_bbp_anonymous_reply_count":0,"_bbp_topic_count_hidden":0,"_bbp_reply_count_hidden":0,"_bbp_forum_subforum_count":0,"footnotes":""},"categories":[65,1,103,107,104],"tags":[],"class_list":["post-2019","post","type-post","status-publish","format-standard","has-post-thumbnail","hentry","category-descoberta-3-6","category-general","category-hem-fet-a-escola","category-i5","category-infantil"],"post_mailing_queue_ids":[],"_links":{"self":[{"href":"https:\/\/agora.xtec.cat\/ceip-salvador-espriu-roda\/wp-json\/wp\/v2\/posts\/2019","targetHints":{"allow":["GET"]}}],"collection":[{"href":"https:\/\/agora.xtec.cat\/ceip-salvador-espriu-roda\/wp-json\/wp\/v2\/posts"}],"about":[{"href":"https:\/\/agora.xtec.cat\/ceip-salvador-espriu-roda\/wp-json\/wp\/v2\/types\/post"}],"author":[{"embeddable":true,"href":"https:\/\/agora.xtec.cat\/ceip-salvador-espriu-roda\/wp-json\/wp\/v2\/users\/1"}],"replies":[{"embeddable":true,"href":"https:\/\/agora.xtec.cat\/ceip-salvador-espriu-roda\/wp-json\/wp\/v2\/comments?post=2019"}],"version-history":[{"count":1,"href":"https:\/\/agora.xtec.cat\/ceip-salvador-espriu-roda\/wp-json\/wp\/v2\/posts\/2019\/revisions"}],"predecessor-version":[{"id":2021,"href":"https:\/\/agora.xtec.cat\/ceip-salvador-espriu-roda\/wp-json\/wp\/v2\/posts\/2019\/revisions\/2021"}],"wp:featuredmedia":[{"embeddable":true,"href":"https:\/\/agora.xtec.cat\/ceip-salvador-espriu-roda\/wp-json\/wp\/v2\/media\/2020"}],"wp:attachment":[{"href":"https:\/\/agora.xtec.cat\/ceip-salvador-espriu-roda\/wp-json\/wp\/v2\/media?parent=2019"}],"wp:term":[{"taxonomy":"category","embeddable":true,"href":"https:\/\/agora.xtec.cat\/ceip-salvador-espriu-roda\/wp-json\/wp\/v2\/categories?post=2019"},{"taxonomy":"post_tag","embeddable":true,"href":"https:\/\/agora.xtec.cat\/ceip-salvador-espriu-roda\/wp-json\/wp\/v2\/tags?post=2019"}],"curies":[{"name":"wp","href":"https:\/\/api.w.org\/{rel}","templated":true}]}}