{"id":1929,"date":"2018-03-15T12:33:21","date_gmt":"2018-03-15T11:33:21","guid":{"rendered":"http:\/\/agora.xtec.cat\/ceip-salvador-espriu-roda\/?p=1929"},"modified":"2018-04-09T15:01:01","modified_gmt":"2018-04-09T13:01:01","slug":"educacio-mediambiental-a-infantil","status":"publish","type":"post","link":"https:\/\/agora.xtec.cat\/ceip-salvador-espriu-roda\/general\/educacio-mediambiental-a-infantil\/","title":{"rendered":"Educaci\u00f3 mediambiental a infantil"},"content":{"rendered":"<p>Gr\u00e0cies a la col\u00b7laboraci\u00f3 de l&#8217;Ajuntament de Roda de Ber\u00e0, l&#8217;escola pot gaudir d&#8217;unes activitats d&#8217;educaci\u00f3 mediambiental. Els alumnes d&#8217;infantil aquests dies hem fet unes activitats molt xules que ens han agradat molt.<!--more--><\/p>\n<p>Els nens i nenes de P3 hem plantat plantes arom\u00e0tiques i les tenim a l&#8217;aula. Cada dia anem observant com creixen i l&#8217;olor que fan.<\/p>\n<p>Els de P4 hem fet una activitat per aprendre a reciclar i llen\u00e7ar els residus al seu lloc.<\/p>\n<p>Els nens i nenes de P5, al tercer trimestre, anirem a fer una visita a la deixalleria municipal.<\/p>\n<p>De moment us deixem les fotos de les activitats de P3 i P4, estigueu atents al blog que quan fem la sortida de P5, penjarem les fotos!<\/p>\n<p><a href=\"https:\/\/photos.app.goo.gl\/PDzovGHwyJ7Xw50i1\"><img loading=\"lazy\" decoding=\"async\" class=\"aligncenter wp-image-1933\" src=\"http:\/\/agora.xtec.cat\/ceip-salvador-espriu-roda\/wp-content\/uploads\/usu1367\/2018\/03\/IMG-20180226-WA0006-300x169.jpg\" alt=\"\" width=\"382\" height=\"215\" srcset=\"https:\/\/agora.xtec.cat\/ceip-salvador-espriu-roda\/wp-content\/uploads\/usu1367\/2018\/03\/IMG-20180226-WA0006-300x169.jpg 300w, https:\/\/agora.xtec.cat\/ceip-salvador-espriu-roda\/wp-content\/uploads\/usu1367\/2018\/03\/IMG-20180226-WA0006-768x432.jpg 768w, https:\/\/agora.xtec.cat\/ceip-salvador-espriu-roda\/wp-content\/uploads\/usu1367\/2018\/03\/IMG-20180226-WA0006-1024x576.jpg 1024w, https:\/\/agora.xtec.cat\/ceip-salvador-espriu-roda\/wp-content\/uploads\/usu1367\/2018\/03\/IMG-20180226-WA0006.jpg 1600w\" sizes=\"auto, (max-width: 382px) 100vw, 382px\" \/><\/a><\/p>\n","protected":false},"excerpt":{"rendered":"<p>Gr\u00e0cies a la col\u00b7laboraci\u00f3 de l&#8217;Ajuntament de Roda de Ber\u00e0, l&#8217;escola pot gaudir d&#8217;unes activitats d&#8217;educaci\u00f3 mediambiental. Els alumnes d&#8217;infantil aquests dies hem fet unes activitats molt xules que ens han agradat molt.<\/p>\n","protected":false},"author":1,"featured_media":1933,"comment_status":"open","ping_status":"closed","sticky":false,"template":"","format":"standard","meta":{"_bbp_topic_count":0,"_bbp_reply_count":0,"_bbp_total_topic_count":0,"_bbp_total_reply_count":0,"_bbp_voice_count":0,"_bbp_anonymous_reply_count":0,"_bbp_topic_count_hidden":0,"_bbp_reply_count_hidden":0,"_bbp_forum_subforum_count":0,"footnotes":""},"categories":[126,1,103,105,106,107,104,4,77],"tags":[],"class_list":["post-1929","post","type-post","status-publish","format-standard","has-post-thumbnail","hentry","category-educacio-mediambiental","category-general","category-hem-fet-a-escola","category-i3","category-i4","category-i5","category-infantil","category-portada","category-projectes"],"post_mailing_queue_ids":[],"_links":{"self":[{"href":"https:\/\/agora.xtec.cat\/ceip-salvador-espriu-roda\/wp-json\/wp\/v2\/posts\/1929","targetHints":{"allow":["GET"]}}],"collection":[{"href":"https:\/\/agora.xtec.cat\/ceip-salvador-espriu-roda\/wp-json\/wp\/v2\/posts"}],"about":[{"href":"https:\/\/agora.xtec.cat\/ceip-salvador-espriu-roda\/wp-json\/wp\/v2\/types\/post"}],"author":[{"embeddable":true,"href":"https:\/\/agora.xtec.cat\/ceip-salvador-espriu-roda\/wp-json\/wp\/v2\/users\/1"}],"replies":[{"embeddable":true,"href":"https:\/\/agora.xtec.cat\/ceip-salvador-espriu-roda\/wp-json\/wp\/v2\/comments?post=1929"}],"version-history":[{"count":2,"href":"https:\/\/agora.xtec.cat\/ceip-salvador-espriu-roda\/wp-json\/wp\/v2\/posts\/1929\/revisions"}],"predecessor-version":[{"id":2039,"href":"https:\/\/agora.xtec.cat\/ceip-salvador-espriu-roda\/wp-json\/wp\/v2\/posts\/1929\/revisions\/2039"}],"wp:featuredmedia":[{"embeddable":true,"href":"https:\/\/agora.xtec.cat\/ceip-salvador-espriu-roda\/wp-json\/wp\/v2\/media\/1933"}],"wp:attachment":[{"href":"https:\/\/agora.xtec.cat\/ceip-salvador-espriu-roda\/wp-json\/wp\/v2\/media?parent=1929"}],"wp:term":[{"taxonomy":"category","embeddable":true,"href":"https:\/\/agora.xtec.cat\/ceip-salvador-espriu-roda\/wp-json\/wp\/v2\/categories?post=1929"},{"taxonomy":"post_tag","embeddable":true,"href":"https:\/\/agora.xtec.cat\/ceip-salvador-espriu-roda\/wp-json\/wp\/v2\/tags?post=1929"}],"curies":[{"name":"wp","href":"https:\/\/api.w.org\/{rel}","templated":true}]}}