{"id":1913,"date":"2018-03-15T11:40:30","date_gmt":"2018-03-15T10:40:30","guid":{"rendered":"http:\/\/agora.xtec.cat\/ceip-salvador-espriu-roda\/?p=1913"},"modified":"2018-04-09T15:02:58","modified_gmt":"2018-04-09T13:02:58","slug":"programa-de-consum-de-fruita-i-llet-a-les-escoles","status":"publish","type":"post","link":"https:\/\/agora.xtec.cat\/ceip-salvador-espriu-roda\/general\/programa-de-consum-de-fruita-i-llet-a-les-escoles\/","title":{"rendered":"Fruita i llet a l&#8217;escola"},"content":{"rendered":"<p>PARTICIPEM AL PROGRAMA DE CONSUM DE FRUITA I LLET A LES ESCOLES<\/p>\n<p><a href=\"http:\/\/agora.xtec.cat\/ceip-salvador-espriu-roda\/wp-content\/uploads\/usu1367\/2018\/03\/20170302_llet.jpg_1394227981.jpg\"><img loading=\"lazy\" decoding=\"async\" class=\"wp-image-1914 alignright\" src=\"http:\/\/agora.xtec.cat\/ceip-salvador-espriu-roda\/wp-content\/uploads\/usu1367\/2018\/03\/20170302_llet.jpg_1394227981-300x168.jpg\" alt=\"\" width=\"543\" height=\"304\" \/><\/a>Hem posat en marxa la segona fase del \u201cPrograma de consum de fruita i llet a les escoles\u201d. <!--more-->Aquest programa compta amb la col\u00b7laboraci\u00f3 dels Departaments d\u2019Ensenyament i de Salut.<\/p>\n<p>El Departament d\u2019Agricultura, Ramaderia, Pesca i Alimentaci\u00f3 (DARP) repartir\u00e0 llet, <strong>gratu\u00eftament<\/strong><strong>,<\/strong> als alumnes de 3 a 12 anys de l\u2019escola que a partir del 12 de mar\u00e7 rebran un got de llet sencera UHT diari durant l\u2019esmorzar.<\/p>\n<p>Aquesta acci\u00f3 s\u2019emmarca en el programa europeu de distribuci\u00f3 de llet a les escoles que promou el consum de llet en les dietes de l\u2019alumnat durant l\u2019etapa de formaci\u00f3 dels seus h\u00e0bits alimentaris i est\u00e0 finan\u00e7ada pel Fons Europeu Agr\u00edcola de Garantia de la Uni\u00f3 Europea.<\/p>\n","protected":false},"excerpt":{"rendered":"<p>PARTICIPEM AL PROGRAMA DE CONSUM DE FRUITA I LLET A LES ESCOLES<br \/>\n<a href=\"http:\/\/agora.xtec.cat\/ceip-salvador-espriu-roda\/wp-content\/uploads\/usu1367\/2018\/03\/20170302_llet.jpg_1394227981.jpg\"><\/a>Hem posat en marxa la segona fase del \u201cPrograma de consum de fruita i llet a les escoles\u201d. <\/p>\n","protected":false},"author":1,"featured_media":1914,"comment_status":"open","ping_status":"closed","sticky":false,"template":"","format":"standard","meta":{"_bbp_topic_count":0,"_bbp_reply_count":0,"_bbp_total_topic_count":0,"_bbp_total_reply_count":0,"_bbp_voice_count":0,"_bbp_anonymous_reply_count":0,"_bbp_topic_count_hidden":0,"_bbp_reply_count_hidden":0,"_bbp_forum_subforum_count":0,"footnotes":""},"categories":[1,103,104,4,108],"tags":[],"class_list":["post-1913","post","type-post","status-publish","format-standard","has-post-thumbnail","hentry","category-general","category-hem-fet-a-escola","category-infantil","category-portada","category-primaria"],"post_mailing_queue_ids":[],"_links":{"self":[{"href":"https:\/\/agora.xtec.cat\/ceip-salvador-espriu-roda\/wp-json\/wp\/v2\/posts\/1913","targetHints":{"allow":["GET"]}}],"collection":[{"href":"https:\/\/agora.xtec.cat\/ceip-salvador-espriu-roda\/wp-json\/wp\/v2\/posts"}],"about":[{"href":"https:\/\/agora.xtec.cat\/ceip-salvador-espriu-roda\/wp-json\/wp\/v2\/types\/post"}],"author":[{"embeddable":true,"href":"https:\/\/agora.xtec.cat\/ceip-salvador-espriu-roda\/wp-json\/wp\/v2\/users\/1"}],"replies":[{"embeddable":true,"href":"https:\/\/agora.xtec.cat\/ceip-salvador-espriu-roda\/wp-json\/wp\/v2\/comments?post=1913"}],"version-history":[{"count":4,"href":"https:\/\/agora.xtec.cat\/ceip-salvador-espriu-roda\/wp-json\/wp\/v2\/posts\/1913\/revisions"}],"predecessor-version":[{"id":2041,"href":"https:\/\/agora.xtec.cat\/ceip-salvador-espriu-roda\/wp-json\/wp\/v2\/posts\/1913\/revisions\/2041"}],"wp:featuredmedia":[{"embeddable":true,"href":"https:\/\/agora.xtec.cat\/ceip-salvador-espriu-roda\/wp-json\/wp\/v2\/media\/1914"}],"wp:attachment":[{"href":"https:\/\/agora.xtec.cat\/ceip-salvador-espriu-roda\/wp-json\/wp\/v2\/media?parent=1913"}],"wp:term":[{"taxonomy":"category","embeddable":true,"href":"https:\/\/agora.xtec.cat\/ceip-salvador-espriu-roda\/wp-json\/wp\/v2\/categories?post=1913"},{"taxonomy":"post_tag","embeddable":true,"href":"https:\/\/agora.xtec.cat\/ceip-salvador-espriu-roda\/wp-json\/wp\/v2\/tags?post=1913"}],"curies":[{"name":"wp","href":"https:\/\/api.w.org\/{rel}","templated":true}]}}