{"id":1900,"date":"2018-03-08T12:34:05","date_gmt":"2018-03-08T11:34:05","guid":{"rendered":"http:\/\/agora.xtec.cat\/ceip-salvador-espriu-roda\/?p=1900"},"modified":"2018-04-09T15:00:07","modified_gmt":"2018-04-09T13:00:07","slug":"fem-racons-a-psico","status":"publish","type":"post","link":"https:\/\/agora.xtec.cat\/ceip-salvador-espriu-roda\/general\/fem-racons-a-psico\/","title":{"rendered":"Fem racons a psico!"},"content":{"rendered":"<p>Avui en un rac\u00f3 de Psicomotricitat, els alumnes de P3 han estat jugant amb els Beebots. <!--more--><\/p>\n<p>Primer hem intentat que el Beebot\u00a0 par\u00e9s al n\u00famero que ens havien indicat. Despr\u00e9s, hem intentat fer un gir perqu\u00e8 els Beebots es fessin un pet\u00f3. Mireu les fotos i v\u00eddeos&#8230;us encantaran!<\/p>\n<p><a href=\"https:\/\/photos.app.goo.gl\/hiu3A7xdj6G7etR83\"><img loading=\"lazy\" decoding=\"async\" class=\"alignnone wp-image-1901 size-medium\" src=\"http:\/\/agora.xtec.cat\/ceip-salvador-espriu-roda\/wp-content\/uploads\/usu1367\/2018\/03\/IMG_20180227_102343-300x258.jpg\" alt=\"\" width=\"300\" height=\"258\" \/><\/a><\/p>\n","protected":false},"excerpt":{"rendered":"<p>Avui en un rac\u00f3 de Psicomotricitat, els alumnes de P3 han estat jugant amb els Beebots. <\/p>\n","protected":false},"author":1,"featured_media":1901,"comment_status":"open","ping_status":"closed","sticky":false,"template":"","format":"standard","meta":{"_bbp_topic_count":0,"_bbp_reply_count":0,"_bbp_total_topic_count":0,"_bbp_total_reply_count":0,"_bbp_voice_count":0,"_bbp_anonymous_reply_count":0,"_bbp_topic_count_hidden":0,"_bbp_reply_count_hidden":0,"_bbp_forum_subforum_count":0,"footnotes":""},"categories":[1,103,105,104,4],"tags":[],"class_list":["post-1900","post","type-post","status-publish","format-standard","has-post-thumbnail","hentry","category-general","category-hem-fet-a-escola","category-i3","category-infantil","category-portada"],"post_mailing_queue_ids":[],"_links":{"self":[{"href":"https:\/\/agora.xtec.cat\/ceip-salvador-espriu-roda\/wp-json\/wp\/v2\/posts\/1900","targetHints":{"allow":["GET"]}}],"collection":[{"href":"https:\/\/agora.xtec.cat\/ceip-salvador-espriu-roda\/wp-json\/wp\/v2\/posts"}],"about":[{"href":"https:\/\/agora.xtec.cat\/ceip-salvador-espriu-roda\/wp-json\/wp\/v2\/types\/post"}],"author":[{"embeddable":true,"href":"https:\/\/agora.xtec.cat\/ceip-salvador-espriu-roda\/wp-json\/wp\/v2\/users\/1"}],"replies":[{"embeddable":true,"href":"https:\/\/agora.xtec.cat\/ceip-salvador-espriu-roda\/wp-json\/wp\/v2\/comments?post=1900"}],"version-history":[{"count":3,"href":"https:\/\/agora.xtec.cat\/ceip-salvador-espriu-roda\/wp-json\/wp\/v2\/posts\/1900\/revisions"}],"predecessor-version":[{"id":2038,"href":"https:\/\/agora.xtec.cat\/ceip-salvador-espriu-roda\/wp-json\/wp\/v2\/posts\/1900\/revisions\/2038"}],"wp:featuredmedia":[{"embeddable":true,"href":"https:\/\/agora.xtec.cat\/ceip-salvador-espriu-roda\/wp-json\/wp\/v2\/media\/1901"}],"wp:attachment":[{"href":"https:\/\/agora.xtec.cat\/ceip-salvador-espriu-roda\/wp-json\/wp\/v2\/media?parent=1900"}],"wp:term":[{"taxonomy":"category","embeddable":true,"href":"https:\/\/agora.xtec.cat\/ceip-salvador-espriu-roda\/wp-json\/wp\/v2\/categories?post=1900"},{"taxonomy":"post_tag","embeddable":true,"href":"https:\/\/agora.xtec.cat\/ceip-salvador-espriu-roda\/wp-json\/wp\/v2\/tags?post=1900"}],"curies":[{"name":"wp","href":"https:\/\/api.w.org\/{rel}","templated":true}]}}