{"id":1891,"date":"2018-03-08T12:10:06","date_gmt":"2018-03-08T11:10:06","guid":{"rendered":"http:\/\/agora.xtec.cat\/ceip-salvador-espriu-roda\/?p=1891"},"modified":"2018-04-09T14:57:25","modified_gmt":"2018-04-09T12:57:25","slug":"reconeixement-dels-textos-de-qualitat-a-6e","status":"publish","type":"post","link":"https:\/\/agora.xtec.cat\/ceip-salvador-espriu-roda\/general\/reconeixement-dels-textos-de-qualitat-a-6e\/","title":{"rendered":"Reconeixement dels textos de qualitat a 6\u00e8"},"content":{"rendered":"<p>En el marc de l\u2019activitat d\u2019expressi\u00f3 escrita de cap de setmana, el passat divendres 2 de mar\u00e7 es va fer l\u2019acte de lliurement dels reconeixements als autors\/es de textos especialment ben elaborats.<!--more--><\/p>\n<p>Va obtenir diploma la J\u00falia Pi\u00f1ol Baldrich de 6\u00e8B i diploma i premi el Ken\u00fa Bueno L\u00f3pez de 6\u00e8A.<\/p>\n<p>Els textos s\u2019inspiraven en una foto d\u2019una caravana de tractors, a partir de la qual cadasc\u00fa desenvolupava la hist\u00f2ria lliurement.<\/p>\n<p><a href=\"http:\/\/agora.xtec.cat\/ceip-salvador-espriu-roda\/wp-content\/uploads\/usu1367\/2018\/03\/IMG_20180302_113935.jpg\"><img loading=\"lazy\" decoding=\"async\" class=\"size-medium wp-image-1892 aligncenter\" src=\"http:\/\/agora.xtec.cat\/ceip-salvador-espriu-roda\/wp-content\/uploads\/usu1367\/2018\/03\/IMG_20180302_113935-300x269.jpg\" alt=\"\" width=\"300\" height=\"269\" srcset=\"https:\/\/agora.xtec.cat\/ceip-salvador-espriu-roda\/wp-content\/uploads\/usu1367\/2018\/03\/IMG_20180302_113935-300x269.jpg 300w, https:\/\/agora.xtec.cat\/ceip-salvador-espriu-roda\/wp-content\/uploads\/usu1367\/2018\/03\/IMG_20180302_113935-768x688.jpg 768w, https:\/\/agora.xtec.cat\/ceip-salvador-espriu-roda\/wp-content\/uploads\/usu1367\/2018\/03\/IMG_20180302_113935-1024x917.jpg 1024w\" sizes=\"auto, (max-width: 300px) 100vw, 300px\" \/><\/a><\/p>\n<p><a href=\"http:\/\/agora.xtec.cat\/ceip-salvador-espriu-roda\/wp-content\/uploads\/usu1367\/2018\/03\/IMG_20180302_114201.jpg\"><img loading=\"lazy\" decoding=\"async\" class=\"size-medium wp-image-1893 aligncenter\" src=\"http:\/\/agora.xtec.cat\/ceip-salvador-espriu-roda\/wp-content\/uploads\/usu1367\/2018\/03\/IMG_20180302_114201-192x300.jpg\" alt=\"\" width=\"192\" height=\"300\" \/><\/a><\/p>\n<p><a href=\"http:\/\/agora.xtec.cat\/ceip-salvador-espriu-roda\/wp-content\/uploads\/usu1367\/2018\/03\/IMG_20180302_114257.jpg\"><img loading=\"lazy\" decoding=\"async\" class=\"size-medium wp-image-1894 aligncenter\" src=\"http:\/\/agora.xtec.cat\/ceip-salvador-espriu-roda\/wp-content\/uploads\/usu1367\/2018\/03\/IMG_20180302_114257-258x300.jpg\" alt=\"\" width=\"258\" height=\"300\" srcset=\"https:\/\/agora.xtec.cat\/ceip-salvador-espriu-roda\/wp-content\/uploads\/usu1367\/2018\/03\/IMG_20180302_114257-258x300.jpg 258w, https:\/\/agora.xtec.cat\/ceip-salvador-espriu-roda\/wp-content\/uploads\/usu1367\/2018\/03\/IMG_20180302_114257-768x893.jpg 768w, https:\/\/agora.xtec.cat\/ceip-salvador-espriu-roda\/wp-content\/uploads\/usu1367\/2018\/03\/IMG_20180302_114257-881x1024.jpg 881w\" sizes=\"auto, (max-width: 258px) 100vw, 258px\" \/><\/a><\/p>\n<p><a href=\"http:\/\/agora.xtec.cat\/ceip-salvador-espriu-roda\/wp-content\/uploads\/usu1367\/2018\/03\/IMG_20180302_114540.jpg\"><img loading=\"lazy\" decoding=\"async\" class=\"size-medium wp-image-1895 aligncenter\" src=\"http:\/\/agora.xtec.cat\/ceip-salvador-espriu-roda\/wp-content\/uploads\/usu1367\/2018\/03\/IMG_20180302_114540-300x175.jpg\" alt=\"\" width=\"300\" height=\"175\" srcset=\"https:\/\/agora.xtec.cat\/ceip-salvador-espriu-roda\/wp-content\/uploads\/usu1367\/2018\/03\/IMG_20180302_114540-300x175.jpg 300w, https:\/\/agora.xtec.cat\/ceip-salvador-espriu-roda\/wp-content\/uploads\/usu1367\/2018\/03\/IMG_20180302_114540-768x449.jpg 768w, https:\/\/agora.xtec.cat\/ceip-salvador-espriu-roda\/wp-content\/uploads\/usu1367\/2018\/03\/IMG_20180302_114540-1024x598.jpg 1024w\" sizes=\"auto, (max-width: 300px) 100vw, 300px\" \/><\/a><\/p>\n","protected":false},"excerpt":{"rendered":"<p>En el marc de l\u2019activitat d\u2019expressi\u00f3 escrita de cap de setmana, el passat divendres 2 de mar\u00e7 es va fer l\u2019acte de lliurement dels reconeixements als autors\/es de textos especialment ben elaborats.<\/p>\n","protected":false},"author":1,"featured_media":1893,"comment_status":"open","ping_status":"closed","sticky":false,"template":"","format":"standard","meta":{"_bbp_topic_count":0,"_bbp_reply_count":0,"_bbp_total_topic_count":0,"_bbp_total_reply_count":0,"_bbp_voice_count":0,"_bbp_anonymous_reply_count":0,"_bbp_topic_count_hidden":0,"_bbp_reply_count_hidden":0,"_bbp_forum_subforum_count":0,"footnotes":""},"categories":[114,1,103,4,108],"tags":[],"class_list":["post-1891","post","type-post","status-publish","format-standard","has-post-thumbnail","hentry","category-6e","category-general","category-hem-fet-a-escola","category-portada","category-primaria"],"post_mailing_queue_ids":[],"_links":{"self":[{"href":"https:\/\/agora.xtec.cat\/ceip-salvador-espriu-roda\/wp-json\/wp\/v2\/posts\/1891","targetHints":{"allow":["GET"]}}],"collection":[{"href":"https:\/\/agora.xtec.cat\/ceip-salvador-espriu-roda\/wp-json\/wp\/v2\/posts"}],"about":[{"href":"https:\/\/agora.xtec.cat\/ceip-salvador-espriu-roda\/wp-json\/wp\/v2\/types\/post"}],"author":[{"embeddable":true,"href":"https:\/\/agora.xtec.cat\/ceip-salvador-espriu-roda\/wp-json\/wp\/v2\/users\/1"}],"replies":[{"embeddable":true,"href":"https:\/\/agora.xtec.cat\/ceip-salvador-espriu-roda\/wp-json\/wp\/v2\/comments?post=1891"}],"version-history":[{"count":3,"href":"https:\/\/agora.xtec.cat\/ceip-salvador-espriu-roda\/wp-json\/wp\/v2\/posts\/1891\/revisions"}],"predecessor-version":[{"id":2034,"href":"https:\/\/agora.xtec.cat\/ceip-salvador-espriu-roda\/wp-json\/wp\/v2\/posts\/1891\/revisions\/2034"}],"wp:featuredmedia":[{"embeddable":true,"href":"https:\/\/agora.xtec.cat\/ceip-salvador-espriu-roda\/wp-json\/wp\/v2\/media\/1893"}],"wp:attachment":[{"href":"https:\/\/agora.xtec.cat\/ceip-salvador-espriu-roda\/wp-json\/wp\/v2\/media?parent=1891"}],"wp:term":[{"taxonomy":"category","embeddable":true,"href":"https:\/\/agora.xtec.cat\/ceip-salvador-espriu-roda\/wp-json\/wp\/v2\/categories?post=1891"},{"taxonomy":"post_tag","embeddable":true,"href":"https:\/\/agora.xtec.cat\/ceip-salvador-espriu-roda\/wp-json\/wp\/v2\/tags?post=1891"}],"curies":[{"name":"wp","href":"https:\/\/api.w.org\/{rel}","templated":true}]}}