{"id":1876,"date":"2018-03-08T11:47:08","date_gmt":"2018-03-08T10:47:08","guid":{"rendered":"http:\/\/agora.xtec.cat\/ceip-salvador-espriu-roda\/?p=1876"},"modified":"2018-04-09T14:54:43","modified_gmt":"2018-04-09T12:54:43","slug":"al-mal-temps-bona-cara","status":"publish","type":"post","link":"https:\/\/agora.xtec.cat\/ceip-salvador-espriu-roda\/general\/al-mal-temps-bona-cara\/","title":{"rendered":"Al mal temps, bona cara!"},"content":{"rendered":"<p>Avui els alumnes de 4t B no han pogut fer Educaci\u00f3 F\u00edsica degut al mal temps. Ho hem aprofitat per con\u00e8ixer els Beebots i jugar amb ells.<!--more--><\/p>\n<p>Primer, per grups,\u00a0 hav\u00edem de guiar al Beebot fins un lloc de la granja que ens havien indicat.<\/p>\n<p>La segona activitat ha sigut intentar, amb els 3 Beebots alhora, fer una cursa i programar-los per arribar a un lloc concret primer que els altres.<\/p>\n<p>L\u2019\u00falitima activitat ha sigut un joc de persecuci\u00f3, on un Beebot parava i els altres s\u2019havien d\u2019escapar.<\/p>\n<p>Si voleu veure que b\u00e9 ens ho hem passat cliqueu a la imatge, us hi esperen fotos i v\u00eddeos molt xulos!<\/p>\n<p><a href=\"https:\/\/photos.app.goo.gl\/0w7cqZ1bObGxdFZf2\"><img loading=\"lazy\" decoding=\"async\" class=\"wp-image-1878 aligncenter\" src=\"http:\/\/agora.xtec.cat\/ceip-salvador-espriu-roda\/wp-content\/uploads\/usu1367\/2018\/03\/IMG_20180227_114837-300x237.jpg\" alt=\"\" width=\"357\" height=\"282\" \/><\/a><\/p>\n<p>&nbsp;<\/p>\n","protected":false},"excerpt":{"rendered":"<p>Avui els alumnes de 4t B no han pogut fer Educaci\u00f3 F\u00edsica degut al mal temps. Ho hem aprofitat per con\u00e8ixer els Beebots i jugar amb ells.<\/p>\n","protected":false},"author":1,"featured_media":1878,"comment_status":"open","ping_status":"closed","sticky":false,"template":"","format":"standard","meta":{"_bbp_topic_count":0,"_bbp_reply_count":0,"_bbp_total_topic_count":0,"_bbp_total_reply_count":0,"_bbp_voice_count":0,"_bbp_anonymous_reply_count":0,"_bbp_topic_count_hidden":0,"_bbp_reply_count_hidden":0,"_bbp_forum_subforum_count":0,"footnotes":""},"categories":[112,1,4],"tags":[],"class_list":["post-1876","post","type-post","status-publish","format-standard","has-post-thumbnail","hentry","category-4t","category-general","category-portada"],"post_mailing_queue_ids":[],"_links":{"self":[{"href":"https:\/\/agora.xtec.cat\/ceip-salvador-espriu-roda\/wp-json\/wp\/v2\/posts\/1876","targetHints":{"allow":["GET"]}}],"collection":[{"href":"https:\/\/agora.xtec.cat\/ceip-salvador-espriu-roda\/wp-json\/wp\/v2\/posts"}],"about":[{"href":"https:\/\/agora.xtec.cat\/ceip-salvador-espriu-roda\/wp-json\/wp\/v2\/types\/post"}],"author":[{"embeddable":true,"href":"https:\/\/agora.xtec.cat\/ceip-salvador-espriu-roda\/wp-json\/wp\/v2\/users\/1"}],"replies":[{"embeddable":true,"href":"https:\/\/agora.xtec.cat\/ceip-salvador-espriu-roda\/wp-json\/wp\/v2\/comments?post=1876"}],"version-history":[{"count":3,"href":"https:\/\/agora.xtec.cat\/ceip-salvador-espriu-roda\/wp-json\/wp\/v2\/posts\/1876\/revisions"}],"predecessor-version":[{"id":2031,"href":"https:\/\/agora.xtec.cat\/ceip-salvador-espriu-roda\/wp-json\/wp\/v2\/posts\/1876\/revisions\/2031"}],"wp:featuredmedia":[{"embeddable":true,"href":"https:\/\/agora.xtec.cat\/ceip-salvador-espriu-roda\/wp-json\/wp\/v2\/media\/1878"}],"wp:attachment":[{"href":"https:\/\/agora.xtec.cat\/ceip-salvador-espriu-roda\/wp-json\/wp\/v2\/media?parent=1876"}],"wp:term":[{"taxonomy":"category","embeddable":true,"href":"https:\/\/agora.xtec.cat\/ceip-salvador-espriu-roda\/wp-json\/wp\/v2\/categories?post=1876"},{"taxonomy":"post_tag","embeddable":true,"href":"https:\/\/agora.xtec.cat\/ceip-salvador-espriu-roda\/wp-json\/wp\/v2\/tags?post=1876"}],"curies":[{"name":"wp","href":"https:\/\/api.w.org\/{rel}","templated":true}]}}