{"id":1848,"date":"2018-02-22T12:53:58","date_gmt":"2018-02-22T11:53:58","guid":{"rendered":"http:\/\/agora.xtec.cat\/ceip-salvador-espriu-roda\/?p=1848"},"modified":"2018-04-09T14:55:33","modified_gmt":"2018-04-09T12:55:33","slug":"a-5e-construim-caixes-niu","status":"publish","type":"post","link":"https:\/\/agora.xtec.cat\/ceip-salvador-espriu-roda\/general\/a-5e-construim-caixes-niu\/","title":{"rendered":"A 5\u00e8 constru\u00efm caixes niu."},"content":{"rendered":"<h4 style=\"text-align: center;\">Educaci\u00f3 mediambiental<\/h4>\n<p>L\u2019\u00e0rea de Medi Ambient de l\u2019Ajuntament de Roda de Ber\u00e0 ha tornat a posar en marxa el programa d\u2019educaci\u00f3 ambiental a l&#8217;escola\u00a0amb l\u2019objectiu de fomentar entre els escolars actituds de respecte i conservaci\u00f3 envers el medi ambient.<!--more--><\/p>\n<p><a href=\"https:\/\/photos.app.goo.gl\/x5OKKRX5iYbWEszj1\"><img loading=\"lazy\" decoding=\"async\" class=\"wp-image-1849 alignleft\" src=\"http:\/\/agora.xtec.cat\/ceip-salvador-espriu-roda\/wp-content\/uploads\/usu1367\/2018\/02\/IMG_20180215_092904-768x1024.jpg\" alt=\"\" width=\"301\" height=\"402\" \/><\/a>Els alumnes de 5\u00e8 hem constru\u00eft unes caixes niu que seran col\u00b7locades al bosc perqu\u00e8 siguin ocupades per l\u2019esp\u00e8cie de la Mallerenga carbonera. Ha sigut una experi\u00e8ncia sorollosa per\u00f2 molt interessant i divertida.<\/p>\n<p>&nbsp;<\/p>\n<h6><span style=\"color: #000000;\">Ah!&#8230;, i tamb\u00e9 sortim al diari.<\/span><\/h6>\n<p><a href=\"http:\/\/diaridigital.tarragona21.com\/lajuntament-de-roda-fomenta-leducacio-ambiental-a-les-escoles\/\">http:\/\/diaridigital.tarragona21.com\/lajuntament-de-roda-fomenta-leducacio-ambiental-a-les-escoles\/<\/a><\/p>\n<p><a href=\"https:\/\/www.diaridetarragona.com\/costa\/Roda-de-Ber-fomenta-leducacio-ambiental-a-les-escoles-20180216-0067.html\">https:\/\/www.diaridetarragona.com\/costa\/Roda-de-Ber-fomenta-leducacio-ambiental-a-les-escoles-20180216-0067.html<\/a><\/p>\n","protected":false},"excerpt":{"rendered":"<p>Educaci\u00f3 mediambiental<br \/>\nL\u2019\u00e0rea de Medi Ambient de l\u2019Ajuntament de Roda de Ber\u00e0 ha tornat a posar en marxa el programa d\u2019educaci\u00f3 ambiental a l&#8217;escola\u00a0amb l\u2019objectiu de fomentar entre els escolars actituds de respecte i conservaci\u00f3 envers el medi ambient.<\/p>\n","protected":false},"author":1,"featured_media":1849,"comment_status":"open","ping_status":"closed","sticky":false,"template":"","format":"standard","meta":{"_bbp_topic_count":0,"_bbp_reply_count":0,"_bbp_total_topic_count":0,"_bbp_total_reply_count":0,"_bbp_voice_count":0,"_bbp_anonymous_reply_count":0,"_bbp_topic_count_hidden":0,"_bbp_reply_count_hidden":0,"_bbp_forum_subforum_count":0,"footnotes":""},"categories":[113,126,1,4,108],"tags":[],"class_list":["post-1848","post","type-post","status-publish","format-standard","has-post-thumbnail","hentry","category-5e","category-educacio-mediambiental","category-general","category-portada","category-primaria"],"post_mailing_queue_ids":[],"_links":{"self":[{"href":"https:\/\/agora.xtec.cat\/ceip-salvador-espriu-roda\/wp-json\/wp\/v2\/posts\/1848","targetHints":{"allow":["GET"]}}],"collection":[{"href":"https:\/\/agora.xtec.cat\/ceip-salvador-espriu-roda\/wp-json\/wp\/v2\/posts"}],"about":[{"href":"https:\/\/agora.xtec.cat\/ceip-salvador-espriu-roda\/wp-json\/wp\/v2\/types\/post"}],"author":[{"embeddable":true,"href":"https:\/\/agora.xtec.cat\/ceip-salvador-espriu-roda\/wp-json\/wp\/v2\/users\/1"}],"replies":[{"embeddable":true,"href":"https:\/\/agora.xtec.cat\/ceip-salvador-espriu-roda\/wp-json\/wp\/v2\/comments?post=1848"}],"version-history":[{"count":3,"href":"https:\/\/agora.xtec.cat\/ceip-salvador-espriu-roda\/wp-json\/wp\/v2\/posts\/1848\/revisions"}],"predecessor-version":[{"id":2032,"href":"https:\/\/agora.xtec.cat\/ceip-salvador-espriu-roda\/wp-json\/wp\/v2\/posts\/1848\/revisions\/2032"}],"wp:featuredmedia":[{"embeddable":true,"href":"https:\/\/agora.xtec.cat\/ceip-salvador-espriu-roda\/wp-json\/wp\/v2\/media\/1849"}],"wp:attachment":[{"href":"https:\/\/agora.xtec.cat\/ceip-salvador-espriu-roda\/wp-json\/wp\/v2\/media?parent=1848"}],"wp:term":[{"taxonomy":"category","embeddable":true,"href":"https:\/\/agora.xtec.cat\/ceip-salvador-espriu-roda\/wp-json\/wp\/v2\/categories?post=1848"},{"taxonomy":"post_tag","embeddable":true,"href":"https:\/\/agora.xtec.cat\/ceip-salvador-espriu-roda\/wp-json\/wp\/v2\/tags?post=1848"}],"curies":[{"name":"wp","href":"https:\/\/api.w.org\/{rel}","templated":true}]}}