{"id":1841,"date":"2018-02-22T12:10:43","date_gmt":"2018-02-22T11:10:43","guid":{"rendered":"http:\/\/agora.xtec.cat\/ceip-salvador-espriu-roda\/?p=1841"},"modified":"2018-02-22T12:11:44","modified_gmt":"2018-02-22T11:11:44","slug":"vella-quaresma","status":"publish","type":"post","link":"https:\/\/agora.xtec.cat\/ceip-salvador-espriu-roda\/general\/vella-quaresma\/","title":{"rendered":"Vella Quaresma"},"content":{"rendered":"<p>La Vella Quaresma ja ha arribat! Cada setmana li hem de treure una cama perqu\u00e8 no pot caminar i cantar-li la can\u00e7\u00f3&#8230; Si ho fem molt b\u00e9, ens dona un regalet. La primera setmana ens ha dut la xocolata per farcir la mona. Qu\u00e8 ens portar\u00e0 el proper divendres?<\/p>\n<p><a href=\"https:\/\/photos.app.goo.gl\/KNnaYGyLX1SS97FT2\"><img loading=\"lazy\" decoding=\"async\" class=\"aligncenter wp-image-1842\" src=\"http:\/\/agora.xtec.cat\/ceip-salvador-espriu-roda\/wp-content\/uploads\/usu1367\/2018\/02\/IMG_7590-768x1024.jpg\" alt=\"\" width=\"276\" height=\"368\" \/><\/a><\/p>\n","protected":false},"excerpt":{"rendered":"<p>La Vella Quaresma ja ha arribat! Cada setmana li hem de treure una cama perqu\u00e8 no pot caminar i cantar-li la can\u00e7\u00f3&#8230; Si ho fem molt b\u00e9, ens dona un regalet. La primera setmana ens ha dut la xocolata per farcir la mona. Qu\u00e8 ens&hellip;  <a href=\"https:\/\/agora.xtec.cat\/ceip-salvador-espriu-roda\/general\/vella-quaresma\/\" title=\"Read Vella Quaresma\">Llegeix m\u00e9s\u00bb<\/a><\/p>\n","protected":false},"author":1,"featured_media":1842,"comment_status":"open","ping_status":"closed","sticky":false,"template":"","format":"standard","meta":{"_bbp_topic_count":0,"_bbp_reply_count":0,"_bbp_total_topic_count":0,"_bbp_total_reply_count":0,"_bbp_voice_count":0,"_bbp_anonymous_reply_count":0,"_bbp_topic_count_hidden":0,"_bbp_reply_count_hidden":0,"_bbp_forum_subforum_count":0,"footnotes":""},"categories":[1,103,104,4],"tags":[],"class_list":["post-1841","post","type-post","status-publish","format-standard","has-post-thumbnail","hentry","category-general","category-hem-fet-a-escola","category-infantil","category-portada"],"post_mailing_queue_ids":[],"_links":{"self":[{"href":"https:\/\/agora.xtec.cat\/ceip-salvador-espriu-roda\/wp-json\/wp\/v2\/posts\/1841","targetHints":{"allow":["GET"]}}],"collection":[{"href":"https:\/\/agora.xtec.cat\/ceip-salvador-espriu-roda\/wp-json\/wp\/v2\/posts"}],"about":[{"href":"https:\/\/agora.xtec.cat\/ceip-salvador-espriu-roda\/wp-json\/wp\/v2\/types\/post"}],"author":[{"embeddable":true,"href":"https:\/\/agora.xtec.cat\/ceip-salvador-espriu-roda\/wp-json\/wp\/v2\/users\/1"}],"replies":[{"embeddable":true,"href":"https:\/\/agora.xtec.cat\/ceip-salvador-espriu-roda\/wp-json\/wp\/v2\/comments?post=1841"}],"version-history":[{"count":1,"href":"https:\/\/agora.xtec.cat\/ceip-salvador-espriu-roda\/wp-json\/wp\/v2\/posts\/1841\/revisions"}],"predecessor-version":[{"id":1843,"href":"https:\/\/agora.xtec.cat\/ceip-salvador-espriu-roda\/wp-json\/wp\/v2\/posts\/1841\/revisions\/1843"}],"wp:featuredmedia":[{"embeddable":true,"href":"https:\/\/agora.xtec.cat\/ceip-salvador-espriu-roda\/wp-json\/wp\/v2\/media\/1842"}],"wp:attachment":[{"href":"https:\/\/agora.xtec.cat\/ceip-salvador-espriu-roda\/wp-json\/wp\/v2\/media?parent=1841"}],"wp:term":[{"taxonomy":"category","embeddable":true,"href":"https:\/\/agora.xtec.cat\/ceip-salvador-espriu-roda\/wp-json\/wp\/v2\/categories?post=1841"},{"taxonomy":"post_tag","embeddable":true,"href":"https:\/\/agora.xtec.cat\/ceip-salvador-espriu-roda\/wp-json\/wp\/v2\/tags?post=1841"}],"curies":[{"name":"wp","href":"https:\/\/api.w.org\/{rel}","templated":true}]}}