{"id":1817,"date":"2018-06-27T11:40:20","date_gmt":"2018-06-27T09:40:20","guid":{"rendered":"http:\/\/agora.xtec.cat\/ceip-salvador-espriu-roda\/?p=1817"},"modified":"2018-06-28T11:51:46","modified_gmt":"2018-06-28T09:51:46","slug":"padrins-lectors","status":"publish","type":"post","link":"https:\/\/agora.xtec.cat\/ceip-salvador-espriu-roda\/portada\/padrins-lectors\/","title":{"rendered":"Padrins lectors de P5 i 5\u00e8"},"content":{"rendered":"<p>Els nens i les nenes de P5\u00a0van comen\u00e7ar al segon trimestre els padrins lectors amb 5\u00e8.<\/p>\n<p>\u00c9s una activitat molt interessant que consisteix en qu\u00e8 cada divendres, la primera mitja hora de la tarda, baixen nens i nenes de 5\u00e8 a ajudar a llegir als infants de P5. Cada nen de prim\u00e0ria t\u00e9 un fillol al que ajuda a llegir i ensenya t\u00e8cniques per millorar la lectura.<\/p>\n<p>Per comen\u00e7ar, divendres 26 de gener,\u00a0 van signar uns contractes on tant els padrins i padrines com els fillols i filloles prenen el comprom\u00eds de realitzar l\u2019activitat seguint una s\u00e8rie de normes i principis. El dia 2 de febrer\u00a0vam fer la primera sessi\u00f3 de lectura i va anar genial!!!!\u00a0Va agradar\u00a0a grans i petits i tothom\u00a0va quedar molt satisfet.<\/p>\n<p>L&#8217;\u00faltima setmana de curs els padrins i els fillols van regalar-se uns records de l&#8217;experi\u00e8ncia\u00a0i van celebrar un piscolabis conjunt. Abans els alumnes de 5\u00e8 van cantar una can\u00e7\u00f3 molt especial als alumnes de P5 durant el seu comiat.<\/p>\n<p>Aqu\u00ed us deixem\u00a0un recull d&#8217;imatges\u00a0de diferents moments de l&#8217;apadrinament:<\/p>\n<p><a href=\"https:\/\/photos.app.goo.gl\/KT7HTsTPHZ4w676g1\"><img loading=\"lazy\" decoding=\"async\" class=\"aligncenter wp-image-2334\" src=\"http:\/\/agora.xtec.cat\/ceip-salvador-espriu-roda\/wp-content\/uploads\/usu1367\/2018\/02\/imat-1.jpg\" alt=\"\" width=\"631\" height=\"265\" srcset=\"https:\/\/agora.xtec.cat\/ceip-salvador-espriu-roda\/wp-content\/uploads\/usu1367\/2018\/02\/imat-1.jpg 448w, https:\/\/agora.xtec.cat\/ceip-salvador-espriu-roda\/wp-content\/uploads\/usu1367\/2018\/02\/imat-1-300x126.jpg 300w\" sizes=\"auto, (max-width: 631px) 100vw, 631px\" \/><\/a><\/p>\n<p>&nbsp;<\/p>\n","protected":false},"excerpt":{"rendered":"<p>Els nens i les nenes de P5\u00a0van comen\u00e7ar al segon trimestre els padrins lectors amb 5\u00e8.<br \/>\n\u00c9s una activitat molt interessant que consisteix en qu\u00e8 cada divendres, la primera mitja hora de la tarda, baixen nens i nenes de 5\u00e8 a ajudar a llegir als infants&hellip;  <a href=\"https:\/\/agora.xtec.cat\/ceip-salvador-espriu-roda\/portada\/padrins-lectors\/\" title=\"Read Padrins lectors de P5 i 5\u00e8\">Llegeix m\u00e9s\u00bb<\/a><\/p>\n","protected":false},"author":1,"featured_media":2333,"comment_status":"open","ping_status":"closed","sticky":false,"template":"","format":"standard","meta":{"_bbp_topic_count":0,"_bbp_reply_count":0,"_bbp_total_topic_count":0,"_bbp_total_reply_count":0,"_bbp_voice_count":0,"_bbp_anonymous_reply_count":0,"_bbp_topic_count_hidden":0,"_bbp_reply_count_hidden":0,"_bbp_forum_subforum_count":0,"footnotes":""},"categories":[64,103,4],"tags":[],"class_list":["post-1817","post","type-post","status-publish","format-standard","has-post-thumbnail","hentry","category-biblioteca","category-hem-fet-a-escola","category-portada"],"post_mailing_queue_ids":[],"_links":{"self":[{"href":"https:\/\/agora.xtec.cat\/ceip-salvador-espriu-roda\/wp-json\/wp\/v2\/posts\/1817","targetHints":{"allow":["GET"]}}],"collection":[{"href":"https:\/\/agora.xtec.cat\/ceip-salvador-espriu-roda\/wp-json\/wp\/v2\/posts"}],"about":[{"href":"https:\/\/agora.xtec.cat\/ceip-salvador-espriu-roda\/wp-json\/wp\/v2\/types\/post"}],"author":[{"embeddable":true,"href":"https:\/\/agora.xtec.cat\/ceip-salvador-espriu-roda\/wp-json\/wp\/v2\/users\/1"}],"replies":[{"embeddable":true,"href":"https:\/\/agora.xtec.cat\/ceip-salvador-espriu-roda\/wp-json\/wp\/v2\/comments?post=1817"}],"version-history":[{"count":3,"href":"https:\/\/agora.xtec.cat\/ceip-salvador-espriu-roda\/wp-json\/wp\/v2\/posts\/1817\/revisions"}],"predecessor-version":[{"id":2335,"href":"https:\/\/agora.xtec.cat\/ceip-salvador-espriu-roda\/wp-json\/wp\/v2\/posts\/1817\/revisions\/2335"}],"wp:featuredmedia":[{"embeddable":true,"href":"https:\/\/agora.xtec.cat\/ceip-salvador-espriu-roda\/wp-json\/wp\/v2\/media\/2333"}],"wp:attachment":[{"href":"https:\/\/agora.xtec.cat\/ceip-salvador-espriu-roda\/wp-json\/wp\/v2\/media?parent=1817"}],"wp:term":[{"taxonomy":"category","embeddable":true,"href":"https:\/\/agora.xtec.cat\/ceip-salvador-espriu-roda\/wp-json\/wp\/v2\/categories?post=1817"},{"taxonomy":"post_tag","embeddable":true,"href":"https:\/\/agora.xtec.cat\/ceip-salvador-espriu-roda\/wp-json\/wp\/v2\/tags?post=1817"}],"curies":[{"name":"wp","href":"https:\/\/api.w.org\/{rel}","templated":true}]}}