{"id":1773,"date":"2018-02-01T11:57:27","date_gmt":"2018-02-01T10:57:27","guid":{"rendered":"http:\/\/agora.xtec.cat\/ceip-salvador-espriu-roda\/?p=1773"},"modified":"2018-02-01T11:57:27","modified_gmt":"2018-02-01T10:57:27","slug":"festival-de-nadal-2017","status":"publish","type":"post","link":"https:\/\/agora.xtec.cat\/ceip-salvador-espriu-roda\/festes\/nadal\/festival-de-nadal-2017\/","title":{"rendered":"Festival de Nadal 2017"},"content":{"rendered":"<p style=\"text-align: justify;\">El passat dimecres 20 de desembre vam celebrar el tradicional festival de Nadal. Els nens i nenes de l\u2019escola van poder lluir tot all\u00f2 que havien estat assajant tant de temps amb esfor\u00e7 i dedicaci\u00f3. Moltes fam\u00edlies vau poder-ne gaudir en directe i d\u2019altres no vau tenir tanta sort. Aix\u00ed doncs, com que una imatge val m\u00e9s que mil paraules, us deixem un breu recull de fotografies d\u2019aquell dia tan especial i dels assajos previs. Esperem que les gaudiu!<\/p>\n<p><a href=\"https:\/\/photos.app.goo.gl\/hJUmperIcRY84GeU2\"><img loading=\"lazy\" decoding=\"async\" class=\"aligncenter wp-image-1721 \" src=\"http:\/\/agora.xtec.cat\/ceip-salvador-espriu-roda\/wp-content\/uploads\/usu1367\/2014\/09\/12196315-924x1024.jpg\" alt=\"\" width=\"294\" height=\"326\" srcset=\"https:\/\/agora.xtec.cat\/ceip-salvador-espriu-roda\/wp-content\/uploads\/usu1367\/2014\/09\/12196315-924x1024.jpg 924w, https:\/\/agora.xtec.cat\/ceip-salvador-espriu-roda\/wp-content\/uploads\/usu1367\/2014\/09\/12196315-271x300.jpg 271w, https:\/\/agora.xtec.cat\/ceip-salvador-espriu-roda\/wp-content\/uploads\/usu1367\/2014\/09\/12196315-768x851.jpg 768w\" sizes=\"auto, (max-width: 294px) 100vw, 294px\" \/><\/a><\/p>\n","protected":false},"excerpt":{"rendered":"<p>El passat dimecres 20 de desembre vam celebrar el tradicional festival de Nadal. Els nens i nenes de l\u2019escola van poder lluir tot all\u00f2 que havien estat assajant tant de temps amb esfor\u00e7 i dedicaci\u00f3. Moltes fam\u00edlies vau poder-ne gaudir en directe i d\u2019altres no&hellip;  <a href=\"https:\/\/agora.xtec.cat\/ceip-salvador-espriu-roda\/festes\/nadal\/festival-de-nadal-2017\/\" title=\"Read Festival de Nadal 2017\">Llegeix m\u00e9s\u00bb<\/a><\/p>\n","protected":false},"author":1,"featured_media":0,"comment_status":"open","ping_status":"closed","sticky":false,"template":"","format":"standard","meta":{"_bbp_topic_count":0,"_bbp_reply_count":0,"_bbp_total_topic_count":0,"_bbp_total_reply_count":0,"_bbp_voice_count":0,"_bbp_anonymous_reply_count":0,"_bbp_topic_count_hidden":0,"_bbp_reply_count_hidden":0,"_bbp_forum_subforum_count":0,"footnotes":""},"categories":[68,104,59,108],"tags":[],"class_list":["post-1773","post","type-post","status-publish","format-standard","hentry","category-festes","category-infantil","category-nadal","category-primaria"],"post_mailing_queue_ids":[],"_links":{"self":[{"href":"https:\/\/agora.xtec.cat\/ceip-salvador-espriu-roda\/wp-json\/wp\/v2\/posts\/1773","targetHints":{"allow":["GET"]}}],"collection":[{"href":"https:\/\/agora.xtec.cat\/ceip-salvador-espriu-roda\/wp-json\/wp\/v2\/posts"}],"about":[{"href":"https:\/\/agora.xtec.cat\/ceip-salvador-espriu-roda\/wp-json\/wp\/v2\/types\/post"}],"author":[{"embeddable":true,"href":"https:\/\/agora.xtec.cat\/ceip-salvador-espriu-roda\/wp-json\/wp\/v2\/users\/1"}],"replies":[{"embeddable":true,"href":"https:\/\/agora.xtec.cat\/ceip-salvador-espriu-roda\/wp-json\/wp\/v2\/comments?post=1773"}],"version-history":[{"count":1,"href":"https:\/\/agora.xtec.cat\/ceip-salvador-espriu-roda\/wp-json\/wp\/v2\/posts\/1773\/revisions"}],"predecessor-version":[{"id":1774,"href":"https:\/\/agora.xtec.cat\/ceip-salvador-espriu-roda\/wp-json\/wp\/v2\/posts\/1773\/revisions\/1774"}],"wp:attachment":[{"href":"https:\/\/agora.xtec.cat\/ceip-salvador-espriu-roda\/wp-json\/wp\/v2\/media?parent=1773"}],"wp:term":[{"taxonomy":"category","embeddable":true,"href":"https:\/\/agora.xtec.cat\/ceip-salvador-espriu-roda\/wp-json\/wp\/v2\/categories?post=1773"},{"taxonomy":"post_tag","embeddable":true,"href":"https:\/\/agora.xtec.cat\/ceip-salvador-espriu-roda\/wp-json\/wp\/v2\/tags?post=1773"}],"curies":[{"name":"wp","href":"https:\/\/api.w.org\/{rel}","templated":true}]}}