{"id":1768,"date":"2018-02-02T00:03:08","date_gmt":"2018-02-01T23:03:08","guid":{"rendered":"http:\/\/agora.xtec.cat\/ceip-salvador-espriu-roda\/?p=1768"},"modified":"2018-02-02T16:52:05","modified_gmt":"2018-02-02T15:52:05","slug":"denip-2018","status":"publish","type":"post","link":"https:\/\/agora.xtec.cat\/ceip-salvador-espriu-roda\/general\/denip-2018\/","title":{"rendered":"DENIP 2018"},"content":{"rendered":"<h6>30 DE GENER DIA ESCOLAR DE LA NO-VIOL\u00c8NCIA I LA PAU<\/h6>\n<p>L\u2019escola Salvador Espriu ha\u00a0commemorat el Dia escolar de la no-viol\u00e8ncia i la pau (DENIP). Aquesta iniciativa va n\u00e9ixer l\u2019any 1964 per fomentar l\u2019educaci\u00f3 per la toler\u00e0ncia, la solidaritat, el respecte als drets humans, la no viol\u00e8ncia i la pau.<\/p>\n<p>El poeta i educador mallorqu\u00ed, en Lloren\u00e7 Vidal i Vidal, l\u2019any 1964 va ser qui la va engegar quan encara no existien iniciatives similars i, actualment es celebra arreu del m\u00f3n.<\/p>\n<p>I per qu\u00e8 es va triar aquesta data? Coincideix amb l\u2019aniversari de la mort d\u2019en Mahatma Gandhi, que va lluitar per la independ\u00e8ncia de la \u00cdndia i va ser divulgador de la filosofia de la no-viol\u00e8ncia.<\/p>\n<p><a href=\"http:\/\/agora.xtec.cat\/ceip-salvador-espriu-roda\/wp-content\/uploads\/usu1367\/2018\/02\/IMG_6967.jpg\"><img loading=\"lazy\" decoding=\"async\" class=\"aligncenter wp-image-1809 size-large\" src=\"http:\/\/agora.xtec.cat\/ceip-salvador-espriu-roda\/wp-content\/uploads\/usu1367\/2018\/02\/IMG_6967-1024x544.jpg\" alt=\"\" width=\"1024\" height=\"544\" \/><\/a><\/p>\n","protected":false},"excerpt":{"rendered":"<p>30 DE GENER DIA ESCOLAR DE LA NO-VIOL\u00c8NCIA I LA PAU<br \/>\nL\u2019escola Salvador Espriu ha\u00a0commemorat el Dia escolar de la no-viol\u00e8ncia i la pau (DENIP). Aquesta iniciativa va n\u00e9ixer l\u2019any 1964 per fomentar l\u2019educaci\u00f3 per la toler\u00e0ncia, la solidaritat, el respecte als drets humans, la no&hellip;  <a href=\"https:\/\/agora.xtec.cat\/ceip-salvador-espriu-roda\/general\/denip-2018\/\" title=\"Read DENIP 2018\">Llegeix m\u00e9s\u00bb<\/a><\/p>\n","protected":false},"author":1,"featured_media":1769,"comment_status":"open","ping_status":"closed","sticky":false,"template":"","format":"standard","meta":{"_bbp_topic_count":0,"_bbp_reply_count":0,"_bbp_total_topic_count":0,"_bbp_total_reply_count":0,"_bbp_voice_count":0,"_bbp_anonymous_reply_count":0,"_bbp_topic_count_hidden":0,"_bbp_reply_count_hidden":0,"_bbp_forum_subforum_count":0,"footnotes":""},"categories":[71,68,1,103,104,4,108],"tags":[],"class_list":["post-1768","post","type-post","status-publish","format-standard","has-post-thumbnail","hentry","category-dia-de-la-pau","category-festes","category-general","category-hem-fet-a-escola","category-infantil","category-portada","category-primaria"],"post_mailing_queue_ids":[],"_links":{"self":[{"href":"https:\/\/agora.xtec.cat\/ceip-salvador-espriu-roda\/wp-json\/wp\/v2\/posts\/1768","targetHints":{"allow":["GET"]}}],"collection":[{"href":"https:\/\/agora.xtec.cat\/ceip-salvador-espriu-roda\/wp-json\/wp\/v2\/posts"}],"about":[{"href":"https:\/\/agora.xtec.cat\/ceip-salvador-espriu-roda\/wp-json\/wp\/v2\/types\/post"}],"author":[{"embeddable":true,"href":"https:\/\/agora.xtec.cat\/ceip-salvador-espriu-roda\/wp-json\/wp\/v2\/users\/1"}],"replies":[{"embeddable":true,"href":"https:\/\/agora.xtec.cat\/ceip-salvador-espriu-roda\/wp-json\/wp\/v2\/comments?post=1768"}],"version-history":[{"count":3,"href":"https:\/\/agora.xtec.cat\/ceip-salvador-espriu-roda\/wp-json\/wp\/v2\/posts\/1768\/revisions"}],"predecessor-version":[{"id":1810,"href":"https:\/\/agora.xtec.cat\/ceip-salvador-espriu-roda\/wp-json\/wp\/v2\/posts\/1768\/revisions\/1810"}],"wp:featuredmedia":[{"embeddable":true,"href":"https:\/\/agora.xtec.cat\/ceip-salvador-espriu-roda\/wp-json\/wp\/v2\/media\/1769"}],"wp:attachment":[{"href":"https:\/\/agora.xtec.cat\/ceip-salvador-espriu-roda\/wp-json\/wp\/v2\/media?parent=1768"}],"wp:term":[{"taxonomy":"category","embeddable":true,"href":"https:\/\/agora.xtec.cat\/ceip-salvador-espriu-roda\/wp-json\/wp\/v2\/categories?post=1768"},{"taxonomy":"post_tag","embeddable":true,"href":"https:\/\/agora.xtec.cat\/ceip-salvador-espriu-roda\/wp-json\/wp\/v2\/tags?post=1768"}],"curies":[{"name":"wp","href":"https:\/\/api.w.org\/{rel}","templated":true}]}}