{"id":1286,"date":"2017-11-28T09:48:52","date_gmt":"2017-11-28T08:48:52","guid":{"rendered":"http:\/\/agora.xtec.cat\/ceip-salvador-espriu-roda\/?p=1286"},"modified":"2017-12-22T16:07:04","modified_gmt":"2017-12-22T15:07:04","slug":"volcans","status":"publish","type":"post","link":"https:\/\/agora.xtec.cat\/ceip-salvador-espriu-roda\/portada\/volcans\/","title":{"rendered":"Volcans&#8230;"},"content":{"rendered":"<p>Els alumnes de 5\u00e8 hem dissenyat i constru\u00eft unes maquetes de volcans que finalment han acabat entrant en erupci\u00f3.<\/p>\n<p><span style=\"color: #000000;\">Aqu\u00ed teniu unes imatges del proc\u00e9s dels nostres treballs.<\/span><\/p>\n<p><a href=\"http:\/\/agora.xtec.cat\/ceip-salvador-espriu-roda\/wp-content\/uploads\/usu1367\/2017\/11\/20171128_132116.jpg\"><img loading=\"lazy\" decoding=\"async\" class=\"aligncenter size-full wp-image-1294\" src=\"http:\/\/agora.xtec.cat\/ceip-salvador-espriu-roda\/wp-content\/uploads\/usu1367\/2017\/11\/20171128_132116.jpg\" alt=\"\" width=\"2896\" height=\"2896\" \/><\/a><a href=\"http:\/\/agora.xtec.cat\/ceip-salvador-espriu-roda\/wp-content\/uploads\/usu1367\/2017\/11\/VOLCANS1.jpg\"><img loading=\"lazy\" decoding=\"async\" class=\"aligncenter size-full wp-image-1288\" src=\"http:\/\/agora.xtec.cat\/ceip-salvador-espriu-roda\/wp-content\/uploads\/usu1367\/2017\/11\/VOLCANS1.jpg\" alt=\"\" width=\"5120\" height=\"4096\" \/><\/a><\/p>\n<p>En aquest enlla\u00e7 podeu veure tot el proc\u00e9s dels alumnes de 5\u00e8B.<\/p>\n<p>Esperem us agradi.<\/p>\n<p><a href=\"https:\/\/photos.app.goo.gl\/3D2D9U78tvuRyA4W2\">https:\/\/photos.app.goo.gl\/3D2D9U78tvuRyA4W2<\/a><\/p>\n","protected":false},"excerpt":{"rendered":"<p>Els alumnes de 5\u00e8 hem dissenyat i constru\u00eft unes maquetes de volcans que finalment han acabat entrant en erupci\u00f3.<br \/>\nAqu\u00ed teniu unes imatges del proc\u00e9s dels nostres treballs.<br \/>\n<a href=\"http:\/\/agora.xtec.cat\/ceip-salvador-espriu-roda\/wp-content\/uploads\/usu1367\/2017\/11\/20171128_132116.jpg\"><\/a><a href=\"http:\/\/agora.xtec.cat\/ceip-salvador-espriu-roda\/wp-content\/uploads\/usu1367\/2017\/11\/VOLCANS1.jpg\"><\/a><br \/>\nEn aquest enlla\u00e7 podeu veure tot el proc\u00e9s dels alumnes de 5\u00e8B.<br \/>\nEsperem us agradi.<br \/>\n<a href=\"https:\/\/photos.app.goo.gl\/3D2D9U78tvuRyA4W2\">https:\/\/photos.app.goo.gl\/3D2D9U78tvuRyA4W2<\/a><\/p>\n","protected":false},"author":1,"featured_media":1294,"comment_status":"open","ping_status":"closed","sticky":false,"template":"","format":"standard","meta":{"_bbp_topic_count":0,"_bbp_reply_count":0,"_bbp_total_topic_count":0,"_bbp_total_reply_count":0,"_bbp_voice_count":0,"_bbp_anonymous_reply_count":0,"_bbp_topic_count_hidden":0,"_bbp_reply_count_hidden":0,"_bbp_forum_subforum_count":0,"footnotes":""},"categories":[113,103,4,108],"tags":[120],"class_list":["post-1286","post","type-post","status-publish","format-standard","has-post-thumbnail","hentry","category-5e","category-hem-fet-a-escola","category-portada","category-primaria","tag-5e"],"post_mailing_queue_ids":[],"_links":{"self":[{"href":"https:\/\/agora.xtec.cat\/ceip-salvador-espriu-roda\/wp-json\/wp\/v2\/posts\/1286","targetHints":{"allow":["GET"]}}],"collection":[{"href":"https:\/\/agora.xtec.cat\/ceip-salvador-espriu-roda\/wp-json\/wp\/v2\/posts"}],"about":[{"href":"https:\/\/agora.xtec.cat\/ceip-salvador-espriu-roda\/wp-json\/wp\/v2\/types\/post"}],"author":[{"embeddable":true,"href":"https:\/\/agora.xtec.cat\/ceip-salvador-espriu-roda\/wp-json\/wp\/v2\/users\/1"}],"replies":[{"embeddable":true,"href":"https:\/\/agora.xtec.cat\/ceip-salvador-espriu-roda\/wp-json\/wp\/v2\/comments?post=1286"}],"version-history":[{"count":3,"href":"https:\/\/agora.xtec.cat\/ceip-salvador-espriu-roda\/wp-json\/wp\/v2\/posts\/1286\/revisions"}],"predecessor-version":[{"id":1310,"href":"https:\/\/agora.xtec.cat\/ceip-salvador-espriu-roda\/wp-json\/wp\/v2\/posts\/1286\/revisions\/1310"}],"wp:featuredmedia":[{"embeddable":true,"href":"https:\/\/agora.xtec.cat\/ceip-salvador-espriu-roda\/wp-json\/wp\/v2\/media\/1294"}],"wp:attachment":[{"href":"https:\/\/agora.xtec.cat\/ceip-salvador-espriu-roda\/wp-json\/wp\/v2\/media?parent=1286"}],"wp:term":[{"taxonomy":"category","embeddable":true,"href":"https:\/\/agora.xtec.cat\/ceip-salvador-espriu-roda\/wp-json\/wp\/v2\/categories?post=1286"},{"taxonomy":"post_tag","embeddable":true,"href":"https:\/\/agora.xtec.cat\/ceip-salvador-espriu-roda\/wp-json\/wp\/v2\/tags?post=1286"}],"curies":[{"name":"wp","href":"https:\/\/api.w.org\/{rel}","templated":true}]}}