{"id":1184,"date":"2017-11-11T01:05:35","date_gmt":"2017-11-11T00:05:35","guid":{"rendered":"http:\/\/agora.xtec.cat\/ceip-salvador-espriu-roda\/?p=1184"},"modified":"2017-12-22T16:10:05","modified_gmt":"2017-12-22T15:10:05","slug":"sortida-a-ca-loliverar","status":"publish","type":"post","link":"https:\/\/agora.xtec.cat\/ceip-salvador-espriu-roda\/portada\/sortida-a-ca-loliverar\/","title":{"rendered":"Els d&#8217;infantil visitem ca l&#8217;Oliverar."},"content":{"rendered":"<p>Com ja \u00e9s tradici\u00f3, cada any fem una sortida cultural per anar a con\u00e8ixer Ca l&#8217;Oliverar.<\/p>\n<p>Si us pregunteu per qu\u00e8 \u00e9s tan especial aquest lloc \u00e9s perqu\u00e8 encara no sabeu que all\u00ed hi viuen el Rodus i la Ber\u00e0nia, els gegants de Roda de Ber\u00e0!<\/p>\n<p>Degut a que vam estar uns dies parlant-ne a l&#8217;escola, ens mor\u00edem de ganes d&#8217;anar a visitar-los ja que des de la Festa Major petita de l&#8217;any passat que no els v\u00e8iem.<\/p>\n<p>Un cop vam arribar-hi, la Jessica ens va explicar la seva hist\u00f2ria i, a m\u00e9s, ens va deixar provar la vestimenta t\u00edpica del seguici, mireu!<\/p>\n<p><a href=\"http:\/\/agora.xtec.cat\/ceip-salvador-espriu-roda\/wp-content\/uploads\/usu1367\/2017\/11\/IMG_4240.jpg\"><img loading=\"lazy\" decoding=\"async\" class=\"alignnone size-large wp-image-1185\" src=\"http:\/\/agora.xtec.cat\/ceip-salvador-espriu-roda\/wp-content\/uploads\/usu1367\/2017\/11\/IMG_4240-612x1024.jpg\" alt=\"\" width=\"612\" height=\"1024\" srcset=\"https:\/\/agora.xtec.cat\/ceip-salvador-espriu-roda\/wp-content\/uploads\/usu1367\/2017\/11\/IMG_4240-612x1024.jpg 612w, https:\/\/agora.xtec.cat\/ceip-salvador-espriu-roda\/wp-content\/uploads\/usu1367\/2017\/11\/IMG_4240-179x300.jpg 179w, https:\/\/agora.xtec.cat\/ceip-salvador-espriu-roda\/wp-content\/uploads\/usu1367\/2017\/11\/IMG_4240-768x1286.jpg 768w, https:\/\/agora.xtec.cat\/ceip-salvador-espriu-roda\/wp-content\/uploads\/usu1367\/2017\/11\/IMG_4240.jpg 1243w\" sizes=\"auto, (max-width: 612px) 100vw, 612px\" \/><\/a><\/p>\n<p>Al sortir de Ca l&#8217;Oliverar ens vam trobar una gran sorpresa&#8230; la Cuca Drac ens havia vingut a visitar!<\/p>\n<p>Quan en parl\u00e0vem a la classe, molts mostraven predilecci\u00f3 per ella&#8230; aix\u00ed que ja us podeu imaginar la il\u00b7lusi\u00f3 que ens va fer la seva sorpresa.<\/p>\n<p><a href=\"http:\/\/agora.xtec.cat\/ceip-salvador-espriu-roda\/wp-content\/uploads\/usu1367\/2017\/11\/IMG_4236.jpg\"><img loading=\"lazy\" decoding=\"async\" class=\"alignnone size-large wp-image-1186\" src=\"http:\/\/agora.xtec.cat\/ceip-salvador-espriu-roda\/wp-content\/uploads\/usu1367\/2017\/11\/IMG_4236-1024x1024.jpg\" alt=\"\" width=\"1024\" height=\"1024\" srcset=\"https:\/\/agora.xtec.cat\/ceip-salvador-espriu-roda\/wp-content\/uploads\/usu1367\/2017\/11\/IMG_4236-1024x1024.jpg 1024w, https:\/\/agora.xtec.cat\/ceip-salvador-espriu-roda\/wp-content\/uploads\/usu1367\/2017\/11\/IMG_4236-150x150.jpg 150w, https:\/\/agora.xtec.cat\/ceip-salvador-espriu-roda\/wp-content\/uploads\/usu1367\/2017\/11\/IMG_4236-300x300.jpg 300w, https:\/\/agora.xtec.cat\/ceip-salvador-espriu-roda\/wp-content\/uploads\/usu1367\/2017\/11\/IMG_4236-768x768.jpg 768w\" sizes=\"auto, (max-width: 1024px) 100vw, 1024px\" \/><\/a><a href=\"http:\/\/agora.xtec.cat\/ceip-salvador-espriu-roda\/wp-content\/uploads\/usu1367\/2017\/11\/IMG_4238.jpg\"><img loading=\"lazy\" decoding=\"async\" class=\"alignnone size-large wp-image-1187\" src=\"http:\/\/agora.xtec.cat\/ceip-salvador-espriu-roda\/wp-content\/uploads\/usu1367\/2017\/11\/IMG_4238-1024x1024.jpg\" alt=\"\" width=\"1024\" height=\"1024\" srcset=\"https:\/\/agora.xtec.cat\/ceip-salvador-espriu-roda\/wp-content\/uploads\/usu1367\/2017\/11\/IMG_4238-1024x1024.jpg 1024w, https:\/\/agora.xtec.cat\/ceip-salvador-espriu-roda\/wp-content\/uploads\/usu1367\/2017\/11\/IMG_4238-150x150.jpg 150w, https:\/\/agora.xtec.cat\/ceip-salvador-espriu-roda\/wp-content\/uploads\/usu1367\/2017\/11\/IMG_4238-300x300.jpg 300w, https:\/\/agora.xtec.cat\/ceip-salvador-espriu-roda\/wp-content\/uploads\/usu1367\/2017\/11\/IMG_4238-768x768.jpg 768w\" sizes=\"auto, (max-width: 1024px) 100vw, 1024px\" \/><\/a><a href=\"http:\/\/agora.xtec.cat\/ceip-salvador-espriu-roda\/wp-content\/uploads\/usu1367\/2017\/11\/IMG_4237.jpg\"><img loading=\"lazy\" decoding=\"async\" class=\"alignnone size-large wp-image-1188\" src=\"http:\/\/agora.xtec.cat\/ceip-salvador-espriu-roda\/wp-content\/uploads\/usu1367\/2017\/11\/IMG_4237-1024x1024.jpg\" alt=\"\" width=\"1024\" height=\"1024\" srcset=\"https:\/\/agora.xtec.cat\/ceip-salvador-espriu-roda\/wp-content\/uploads\/usu1367\/2017\/11\/IMG_4237-1024x1024.jpg 1024w, https:\/\/agora.xtec.cat\/ceip-salvador-espriu-roda\/wp-content\/uploads\/usu1367\/2017\/11\/IMG_4237-150x150.jpg 150w, https:\/\/agora.xtec.cat\/ceip-salvador-espriu-roda\/wp-content\/uploads\/usu1367\/2017\/11\/IMG_4237-300x300.jpg 300w, https:\/\/agora.xtec.cat\/ceip-salvador-espriu-roda\/wp-content\/uploads\/usu1367\/2017\/11\/IMG_4237-768x768.jpg 768w\" sizes=\"auto, (max-width: 1024px) 100vw, 1024px\" \/><\/a><\/p>\n<p style=\"text-align: center;\">Fins l&#8217;any que ve Rodus, Ber\u00e0nia i Cuca Drac!!<\/p>\n","protected":false},"excerpt":{"rendered":"<p>Com ja \u00e9s tradici\u00f3, cada any fem una sortida cultural per anar a con\u00e8ixer Ca l&#8217;Oliverar.<br \/>\nSi us pregunteu per qu\u00e8 \u00e9s tan especial aquest lloc \u00e9s perqu\u00e8 encara no sabeu que all\u00ed hi viuen el Rodus i la Ber\u00e0nia, els gegants de Roda de Ber\u00e0!<br \/>\nDegut&hellip;  <a href=\"https:\/\/agora.xtec.cat\/ceip-salvador-espriu-roda\/portada\/sortida-a-ca-loliverar\/\" title=\"Read Els d&#8217;infantil visitem ca l&#8217;Oliverar.\">Llegeix m\u00e9s\u00bb<\/a><\/p>\n","protected":false},"author":1,"featured_media":1185,"comment_status":"open","ping_status":"closed","sticky":false,"template":"","format":"standard","meta":{"_bbp_topic_count":0,"_bbp_reply_count":0,"_bbp_total_topic_count":0,"_bbp_total_reply_count":0,"_bbp_voice_count":0,"_bbp_anonymous_reply_count":0,"_bbp_topic_count_hidden":0,"_bbp_reply_count_hidden":0,"_bbp_forum_subforum_count":0,"footnotes":""},"categories":[116,4,115],"tags":[],"class_list":["post-1184","post","type-post","status-publish","format-standard","has-post-thumbnail","hentry","category-comunitat-de-petits","category-portada","category-sortides"],"post_mailing_queue_ids":[],"_links":{"self":[{"href":"https:\/\/agora.xtec.cat\/ceip-salvador-espriu-roda\/wp-json\/wp\/v2\/posts\/1184","targetHints":{"allow":["GET"]}}],"collection":[{"href":"https:\/\/agora.xtec.cat\/ceip-salvador-espriu-roda\/wp-json\/wp\/v2\/posts"}],"about":[{"href":"https:\/\/agora.xtec.cat\/ceip-salvador-espriu-roda\/wp-json\/wp\/v2\/types\/post"}],"author":[{"embeddable":true,"href":"https:\/\/agora.xtec.cat\/ceip-salvador-espriu-roda\/wp-json\/wp\/v2\/users\/1"}],"replies":[{"embeddable":true,"href":"https:\/\/agora.xtec.cat\/ceip-salvador-espriu-roda\/wp-json\/wp\/v2\/comments?post=1184"}],"version-history":[{"count":3,"href":"https:\/\/agora.xtec.cat\/ceip-salvador-espriu-roda\/wp-json\/wp\/v2\/posts\/1184\/revisions"}],"predecessor-version":[{"id":1447,"href":"https:\/\/agora.xtec.cat\/ceip-salvador-espriu-roda\/wp-json\/wp\/v2\/posts\/1184\/revisions\/1447"}],"wp:featuredmedia":[{"embeddable":true,"href":"https:\/\/agora.xtec.cat\/ceip-salvador-espriu-roda\/wp-json\/wp\/v2\/media\/1185"}],"wp:attachment":[{"href":"https:\/\/agora.xtec.cat\/ceip-salvador-espriu-roda\/wp-json\/wp\/v2\/media?parent=1184"}],"wp:term":[{"taxonomy":"category","embeddable":true,"href":"https:\/\/agora.xtec.cat\/ceip-salvador-espriu-roda\/wp-json\/wp\/v2\/categories?post=1184"},{"taxonomy":"post_tag","embeddable":true,"href":"https:\/\/agora.xtec.cat\/ceip-salvador-espriu-roda\/wp-json\/wp\/v2\/tags?post=1184"}],"curies":[{"name":"wp","href":"https:\/\/api.w.org\/{rel}","templated":true}]}}