{"id":1179,"date":"2017-11-11T00:47:41","date_gmt":"2017-11-10T23:47:41","guid":{"rendered":"http:\/\/agora.xtec.cat\/ceip-salvador-espriu-roda\/?p=1179"},"modified":"2017-12-22T16:10:55","modified_gmt":"2017-12-22T15:10:55","slug":"coneixem-el-magic","status":"publish","type":"post","link":"https:\/\/agora.xtec.cat\/ceip-salvador-espriu-roda\/portada\/coneixem-el-magic\/","title":{"rendered":"Coneixem el M\u00e0gic."},"content":{"rendered":"<p>Per nosaltres, els nens i nenes de P3, tot \u00e9s nou!<\/p>\n<p>Fa uns dies tot passejant per l&#8217;escola vam veure una porta que ens invitava a entrar&#8230; qu\u00e8 hi podia haver al darrere?<\/p>\n<p>Vam picar suaument i la Paquita i la Gemma van sentir una veueta que ens feia passar; sabeu qui era? El M\u00c0GIC!!<\/p>\n<p><a href=\"http:\/\/agora.xtec.cat\/ceip-salvador-espriu-roda\/wp-content\/uploads\/usu1367\/2017\/11\/IMG_4239.jpg\"><img loading=\"lazy\" decoding=\"async\" class=\"alignnone size-large wp-image-1180\" src=\"http:\/\/agora.xtec.cat\/ceip-salvador-espriu-roda\/wp-content\/uploads\/usu1367\/2017\/11\/IMG_4239-614x1024.jpg\" alt=\"\" width=\"614\" height=\"1024\" \/><\/a><\/p>\n<p>I \u00e9s que hav\u00edem arribat a casa seva&#8230; la BIBLIOTECA! All\u00ed hi ha infinitat de contes bonics que anirem mirant i escoltant al llarg del curs. Cada dimarts a la tarda tenim una cita amb ell. Quan obrim la seva primera p\u00e0gina ja descobrim quin \u00e9s el conte que ens explicar\u00e0 la mestra i, quan acaba, ens regala un &#8220;cromoconte&#8221; per enganxar-lo a la llibreta que tenim a casa.<\/p>\n<p style=\"text-align: center;\">\u00a0 \u00a0 \u00a0 Com ens agrada mirar contes tranquilets!!<\/p>\n<p style=\"text-align: left;\"><a href=\"http:\/\/agora.xtec.cat\/ceip-salvador-espriu-roda\/wp-content\/uploads\/usu1367\/2017\/11\/IMG_3342.jpg\"><img loading=\"lazy\" decoding=\"async\" class=\"alignnone size-large wp-image-1181\" src=\"http:\/\/agora.xtec.cat\/ceip-salvador-espriu-roda\/wp-content\/uploads\/usu1367\/2017\/11\/IMG_3342-683x1024.jpg\" alt=\"\" width=\"683\" height=\"1024\" srcset=\"https:\/\/agora.xtec.cat\/ceip-salvador-espriu-roda\/wp-content\/uploads\/usu1367\/2017\/11\/IMG_3342-683x1024.jpg 683w, https:\/\/agora.xtec.cat\/ceip-salvador-espriu-roda\/wp-content\/uploads\/usu1367\/2017\/11\/IMG_3342-200x300.jpg 200w, https:\/\/agora.xtec.cat\/ceip-salvador-espriu-roda\/wp-content\/uploads\/usu1367\/2017\/11\/IMG_3342-768x1152.jpg 768w, https:\/\/agora.xtec.cat\/ceip-salvador-espriu-roda\/wp-content\/uploads\/usu1367\/2017\/11\/IMG_3342.jpg 1472w\" sizes=\"auto, (max-width: 683px) 100vw, 683px\" \/><\/a> <a href=\"http:\/\/agora.xtec.cat\/ceip-salvador-espriu-roda\/wp-content\/uploads\/usu1367\/2017\/11\/IMG_3343.jpg\"><img loading=\"lazy\" decoding=\"async\" class=\"alignnone size-large wp-image-1182\" src=\"http:\/\/agora.xtec.cat\/ceip-salvador-espriu-roda\/wp-content\/uploads\/usu1367\/2017\/11\/IMG_3343-683x1024.jpg\" alt=\"\" width=\"683\" height=\"1024\" srcset=\"https:\/\/agora.xtec.cat\/ceip-salvador-espriu-roda\/wp-content\/uploads\/usu1367\/2017\/11\/IMG_3343-683x1024.jpg 683w, https:\/\/agora.xtec.cat\/ceip-salvador-espriu-roda\/wp-content\/uploads\/usu1367\/2017\/11\/IMG_3343-200x300.jpg 200w, https:\/\/agora.xtec.cat\/ceip-salvador-espriu-roda\/wp-content\/uploads\/usu1367\/2017\/11\/IMG_3343-768x1152.jpg 768w, https:\/\/agora.xtec.cat\/ceip-salvador-espriu-roda\/wp-content\/uploads\/usu1367\/2017\/11\/IMG_3343.jpg 1472w\" sizes=\"auto, (max-width: 683px) 100vw, 683px\" \/><\/a><\/p>\n<p style=\"text-align: left;\">A m\u00e9s, el M\u00e0gic ens va regalar dues maletes viatgeres per cada classe. En aquest maleta hi ha uns contes perqu\u00e8, juntament amb les fam\u00edlies, els pugueu gaudir a casa i passeu boniques estones plegats. Cada divendres el M\u00e0gic ens diu quins s\u00f3n els nens o nenes que s&#8217;han portat m\u00e9s b\u00e9 i els hi d\u00f3na perqu\u00e8 la tingueu a casa fins dijous (\u00e9s important que respectem els terminis!). A m\u00e9s, dins la maleta hi ha una llibreta perqu\u00e8 expliqueu la vostra experi\u00e8ncia i un petit regalet com a premi.<\/p>\n<p style=\"text-align: left;\">Ja tenim ganes de tornar-hi!<\/p>\n","protected":false},"excerpt":{"rendered":"<p>Per nosaltres, els nens i nenes de P3, tot \u00e9s nou!<br \/>\nFa uns dies tot passejant per l&#8217;escola vam veure una porta que ens invitava a entrar&#8230; qu\u00e8 hi podia haver al darrere?<br \/>\nVam picar suaument i la Paquita i la Gemma van sentir una veueta que&hellip;  <a href=\"https:\/\/agora.xtec.cat\/ceip-salvador-espriu-roda\/portada\/coneixem-el-magic\/\" title=\"Read Coneixem el M\u00e0gic.\">Llegeix m\u00e9s\u00bb<\/a><\/p>\n","protected":false},"author":1,"featured_media":1180,"comment_status":"open","ping_status":"closed","sticky":false,"template":"","format":"standard","meta":{"_bbp_topic_count":0,"_bbp_reply_count":0,"_bbp_total_topic_count":0,"_bbp_total_reply_count":0,"_bbp_voice_count":0,"_bbp_anonymous_reply_count":0,"_bbp_topic_count_hidden":0,"_bbp_reply_count_hidden":0,"_bbp_forum_subforum_count":0,"footnotes":""},"categories":[103,105,104,4],"tags":[121],"class_list":["post-1179","post","type-post","status-publish","format-standard","has-post-thumbnail","hentry","category-hem-fet-a-escola","category-i3","category-infantil","category-portada","tag-i3"],"post_mailing_queue_ids":[],"_links":{"self":[{"href":"https:\/\/agora.xtec.cat\/ceip-salvador-espriu-roda\/wp-json\/wp\/v2\/posts\/1179","targetHints":{"allow":["GET"]}}],"collection":[{"href":"https:\/\/agora.xtec.cat\/ceip-salvador-espriu-roda\/wp-json\/wp\/v2\/posts"}],"about":[{"href":"https:\/\/agora.xtec.cat\/ceip-salvador-espriu-roda\/wp-json\/wp\/v2\/types\/post"}],"author":[{"embeddable":true,"href":"https:\/\/agora.xtec.cat\/ceip-salvador-espriu-roda\/wp-json\/wp\/v2\/users\/1"}],"replies":[{"embeddable":true,"href":"https:\/\/agora.xtec.cat\/ceip-salvador-espriu-roda\/wp-json\/wp\/v2\/comments?post=1179"}],"version-history":[{"count":3,"href":"https:\/\/agora.xtec.cat\/ceip-salvador-espriu-roda\/wp-json\/wp\/v2\/posts\/1179\/revisions"}],"predecessor-version":[{"id":1459,"href":"https:\/\/agora.xtec.cat\/ceip-salvador-espriu-roda\/wp-json\/wp\/v2\/posts\/1179\/revisions\/1459"}],"wp:featuredmedia":[{"embeddable":true,"href":"https:\/\/agora.xtec.cat\/ceip-salvador-espriu-roda\/wp-json\/wp\/v2\/media\/1180"}],"wp:attachment":[{"href":"https:\/\/agora.xtec.cat\/ceip-salvador-espriu-roda\/wp-json\/wp\/v2\/media?parent=1179"}],"wp:term":[{"taxonomy":"category","embeddable":true,"href":"https:\/\/agora.xtec.cat\/ceip-salvador-espriu-roda\/wp-json\/wp\/v2\/categories?post=1179"},{"taxonomy":"post_tag","embeddable":true,"href":"https:\/\/agora.xtec.cat\/ceip-salvador-espriu-roda\/wp-json\/wp\/v2\/tags?post=1179"}],"curies":[{"name":"wp","href":"https:\/\/api.w.org\/{rel}","templated":true}]}}